{"id":2448,"date":"2026-08-31T18:04:24","date_gmt":"2026-08-31T16:04:24","guid":{"rendered":"https:\/\/mpgk.zgorzelec.pl\/?p=2448"},"modified":"2026-09-01T18:19:42","modified_gmt":"2026-09-01T16:19:42","slug":"wiecej-przystankow-i-zmiany-w-rozkladzie-komunikacji-miejskiej-od-1-wrzesnia","status":"publish","type":"post","link":"https:\/\/mpgk.zgorzelec.pl\/index.php\/2026\/08\/31\/wiecej-przystankow-i-zmiany-w-rozkladzie-komunikacji-miejskiej-od-1-wrzesnia\/","title":{"rendered":"Wi\u0119cej przystank\u00f3w i zmiany w rozk\u0142adzie komunikacji miejskiej od 1 wrze\u015bnia"},"content":{"rendered":"\t\t<div data-elementor-type=\"wp-post\" data-elementor-id=\"2448\" class=\"elementor elementor-2448\">\n\t\t\t\t\t\t\t\t\t<section class=\"elementor-section elementor-top-section elementor-element elementor-element-0d54af0 elementor-section-boxed elementor-section-height-default elementor-section-height-default\" data-id=\"0d54af0\" data-element_type=\"section\">\n\t\t\t\t\t\t<div class=\"elementor-container elementor-column-gap-default\">\n\t\t\t\t\t<div class=\"elementor-column elementor-col-100 elementor-top-column elementor-element elementor-element-6fc8e74\" data-id=\"6fc8e74\" data-element_type=\"column\">\n\t\t\t<div class=\"elementor-widget-wrap elementor-element-populated\">\n\t\t\t\t\t\t\t\t<div class=\"elementor-element elementor-element-eb0cc2e elementor-widget elementor-widget-image\" data-id=\"eb0cc2e\" data-element_type=\"widget\" data-widget_type=\"image.default\">\n\t\t\t\t<div class=\"elementor-widget-container\">\n\t\t\t<style>\/*! elementor - v3.15.0 - 09-08-2023 *\/\n.elementor-widget-image{text-align:center}.elementor-widget-image a{display:inline-block}.elementor-widget-image a img[src$=\".svg\"]{width:48px}.elementor-widget-image img{vertical-align:middle;display:inline-block}<\/style>\t\t\t\t\t\t\t\t\t\t\t\t<img loading=\"lazy\" decoding=\"async\" width=\"750\" height=\"563\" src=\"https:\/\/mpgk.zgorzelec.pl\/wp-content\/uploads\/2026\/09\/zmiana_rozklad_2026-1024x768.jpg\" class=\"attachment-large size-large wp-image-2457\" alt=\"\" srcset=\"https:\/\/mpgk.zgorzelec.pl\/wp-content\/uploads\/2026\/09\/zmiana_rozklad_2026-1024x768.jpg 1024w, https:\/\/mpgk.zgorzelec.pl\/wp-content\/uploads\/2026\/09\/zmiana_rozklad_2026-300x225.jpg 300w, https:\/\/mpgk.zgorzelec.pl\/wp-content\/uploads\/2026\/09\/zmiana_rozklad_2026-768x576.jpg 768w, https:\/\/mpgk.zgorzelec.pl\/wp-content\/uploads\/2026\/09\/zmiana_rozklad_2026-1536x1152.jpg 1536w, https:\/\/mpgk.zgorzelec.pl\/wp-content\/uploads\/2026\/09\/zmiana_rozklad_2026-2048x1536.jpg 2048w\" sizes=\"auto, (max-width: 750px) 100vw, 750px\" \/>\t\t\t\t\t\t\t\t\t\t\t\t\t\t\t<\/div>\n\t\t\t\t<\/div>\n\t\t\t\t\t<\/div>\n\t\t<\/div>\n\t\t\t\t\t\t\t<\/div>\n\t\t<\/section>\n\t\t\t\t<section class=\"elementor-section elementor-top-section elementor-element elementor-element-2b48f7d elementor-section-boxed elementor-section-height-default elementor-section-height-default\" data-id=\"2b48f7d\" data-element_type=\"section\">\n\t\t\t\t\t\t<div class=\"elementor-container elementor-column-gap-default\">\n\t\t\t\t\t<div class=\"elementor-column elementor-col-100 elementor-top-column elementor-element elementor-element-d945578\" data-id=\"d945578\" data-element_type=\"column\">\n\t\t\t<div class=\"elementor-widget-wrap elementor-element-populated\">\n\t\t\t\t\t\t\t\t<div class=\"elementor-element elementor-element-844c2bd elementor-widget elementor-widget-text-editor\" data-id=\"844c2bd\" data-element_type=\"widget\" data-widget_type=\"text-editor.default\">\n\t\t\t\t<div class=\"elementor-widget-container\">\n\t\t\t<style>\/*! elementor - v3.15.0 - 09-08-2023 *\/\n.elementor-widget-text-editor.elementor-drop-cap-view-stacked .elementor-drop-cap{background-color:#69727d;color:#fff}.elementor-widget-text-editor.elementor-drop-cap-view-framed .elementor-drop-cap{color:#69727d;border:3px solid;background-color:transparent}.elementor-widget-text-editor:not(.elementor-drop-cap-view-default) .elementor-drop-cap{margin-top:8px}.elementor-widget-text-editor:not(.elementor-drop-cap-view-default) .elementor-drop-cap-letter{width:1em;height:1em}.elementor-widget-text-editor .elementor-drop-cap{float:left;text-align:center;line-height:1;font-size:50px}.elementor-widget-text-editor .elementor-drop-cap-letter{display:inline-block}<\/style>\t\t\t\t<p><strong>Od wtorku, 1 wrze\u015bnia 2026 r., zacznie obowi\u0105zywa\u0107 zaktualizowany rozk\u0142ad jazdy komunikacji miejskiej funkcjonuj\u0105cej na terenie Zgorzelca. Wprowadzane modyfikacje maj\u0105 przede wszystkim na celu zwi\u0119kszenie obszaru Gminy Miejskiej Zgorzelec, obs\u0142ugiwanego przez komunikacj\u0119 miejsk\u0105. Dodatkowo dokonano niewielkich korekt w godzinach kursowania autobus\u00f3w na cz\u0119\u015bci kurs\u00f3w.<\/strong><\/p><h4>Najwa\u017cniejsze zmiany w rozk\u0142adzie jazdy to:<\/h4><ul><li><strong>Nowe przystanki:<\/strong>\u00a0Do sieci komunikacyjnej w\u0142\u0105czone zostan\u0105 dodatkowe przystanki zlokalizowane na\u00a0<strong>Alei Ujazdowskiej<\/strong>.<\/li><li><strong>Wyd\u0142u\u017cenie trasy Linii nr 4:<\/strong>\u00a0Zdecydowali\u015bmy o przed\u0142u\u017ceniu wybranych kurs\u00f3w \u201eczw\u00f3rki\u201d \u2013 autobusy b\u0119d\u0105 doje\u017cd\u017ca\u0107 do przystanku\u00a0<strong>Kra\u0144cowa \u2013 Bohater\u00f3w II AWP<\/strong>.<\/li><li><strong>Zmiany godzin odjazd\u00f3w:<\/strong>\u00a0Na cz\u0119\u015bci kurs\u00f3w (r\u00f3\u017cnych linii) wprowadzono\u00a0<strong>niewielkie korekty w godzinach odjazd\u00f3w<\/strong>.<\/li><\/ul><p>Z uwagi na powy\u017csze przesuni\u0119cia czasowe oraz zmiany w przebiegu tras, prosimy wszystkich pasa\u017cer\u00f3w o uwa\u017cne sprawdzenie nowych rozk\u0142ad\u00f3w przed zaplanowaniem pierwszej podr\u00f3\u017cy we wrze\u015bniu.<\/p><p>Szczeg\u00f3\u0142owe tabele ze zmienionymi rozk\u0142adami jazdy publikujemy poni\u017cej, a od 1 wrze\u015bnia dost\u0119pne b\u0119d\u0105 r\u00f3wnie\u017c na stronie internetowej\u00a0<a role=\"link\" href=\"https:\/\/bus.zgorzelec.eu\/\" target=\"_blank\" rel=\"noopener\">bus.zgorzelec.eu<\/a>\u00a0oraz w Punkcie Obs\u0142ugi Interesanta Urz\u0119du Miasta Zgorzelec, przy ul. Doma\u0144skiego 7.<\/p><p>Jednocze\u015bnie informujemy, \u017ce wprowadzone zmiany stanowi\u0105 niewielkie korekty dotychczasowych rozk\u0142ad\u00f3w i wynikaj\u0105 przede wszystkim z dost\u0119pnego taboru, przepis\u00f3w dotycz\u0105cych czasu pracy kierowc\u00f3w oraz wymaganego czasu przejazd\u00f3w pomi\u0119dzy przystankami.<\/p><p>W ramach wsp\u00f3lnego polsko-niemieckiego projektu TRANSEURO+, wsp\u00f3\u0142finansowanego ze \u015brodk\u00f3w Europejskiego Funduszu Rozwoju Regionalnego (EFRR)w ramach Programu Wsp\u00f3\u0142pracy INTERREG Polska-Saksonia 2021-2027, aktualnie pracujemy nad docelowym uk\u0142adem sieci przystankowej oraz nowymi, tworzonymi od podstaw, rozk\u0142adami komunikacji miejskiej w Zgorzelcu. Efektem dzia\u0142a\u0144 b\u0119dzie stworzenie kompleksowej i zoptymalizowanej pod k\u0105tem potrzeb mieszka\u0144c\u00f3w, oferty przewozowej dla publicznego transportu zbiorowego na terenie Gminy Miejskiej Zgorzelec. O post\u0119pie prac, b\u0119dziemy Pa\u0144stwa informowa\u0107 na bie\u017c\u0105co.<\/p><p>Przypominamy r\u00f3wnie\u017c<strong>,<\/strong>\u00a0\u017ce mieszka\u0144cy i osoby korzystaj\u0105ce z miejskich autobus\u00f3w mog\u0105 podr\u00f3\u017cowa\u0107\u00a0<strong>bez konieczno\u015bci kupowania bilet\u00f3w<\/strong>. Zach\u0119camy do korzystania z komunikacji miejskiej jako wygodnego, dost\u0119pnego i przyjaznego dla \u015brodowiska sposobu przemieszczania si\u0119 po Zgorzelcu.<\/p><p>\u0179r\u00f3d\u0142o: WI \/ UM Zgorzelec<\/p>\t\t\t\t\t\t<\/div>\n\t\t\t\t<\/div>\n\t\t\t\t\t<\/div>\n\t\t<\/div>\n\t\t\t\t\t\t\t<\/div>\n\t\t<\/section>\n\t\t\t\t<section class=\"elementor-section elementor-top-section elementor-element elementor-element-1ebee51 elementor-section-boxed elementor-section-height-default elementor-section-height-default\" data-id=\"1ebee51\" data-element_type=\"section\">\n\t\t\t\t\t\t<div class=\"elementor-container elementor-column-gap-default\">\n\t\t\t\t\t<div class=\"elementor-column elementor-col-100 elementor-top-column elementor-element elementor-element-a2a6057\" data-id=\"a2a6057\" data-element_type=\"column\">\n\t\t\t<div class=\"elementor-widget-wrap elementor-element-populated\">\n\t\t\t\t\t\t\t\t<div class=\"elementor-element elementor-element-92c2cbb elementor-widget elementor-widget-image-gallery\" data-id=\"92c2cbb\" data-element_type=\"widget\" data-widget_type=\"image-gallery.default\">\n\t\t\t\t<div class=\"elementor-widget-container\">\n\t\t\t<style>\/*! elementor - v3.15.0 - 09-08-2023 *\/\n.elementor-image-gallery .gallery-item{display:inline-block;text-align:center;vertical-align:top;width:100%;max-width:100%;margin:0 auto}.elementor-image-gallery .gallery-item img{margin:0 auto}.elementor-image-gallery .gallery-item .gallery-caption{margin:0}.elementor-image-gallery figure img{display:block}.elementor-image-gallery figure figcaption{width:100%}.gallery-spacing-custom .elementor-image-gallery .gallery-icon{padding:0}@media (min-width:768px){.elementor-image-gallery .gallery-columns-2 .gallery-item{max-width:50%}.elementor-image-gallery .gallery-columns-3 .gallery-item{max-width:33.33%}.elementor-image-gallery .gallery-columns-4 .gallery-item{max-width:25%}.elementor-image-gallery .gallery-columns-5 .gallery-item{max-width:20%}.elementor-image-gallery .gallery-columns-6 .gallery-item{max-width:16.666%}.elementor-image-gallery .gallery-columns-7 .gallery-item{max-width:14.28%}.elementor-image-gallery .gallery-columns-8 .gallery-item{max-width:12.5%}.elementor-image-gallery .gallery-columns-9 .gallery-item{max-width:11.11%}.elementor-image-gallery .gallery-columns-10 .gallery-item{max-width:10%}}@media (min-width:480px) and (max-width:767px){.elementor-image-gallery .gallery.gallery-columns-2 .gallery-item,.elementor-image-gallery .gallery.gallery-columns-3 .gallery-item,.elementor-image-gallery .gallery.gallery-columns-4 .gallery-item,.elementor-image-gallery .gallery.gallery-columns-5 .gallery-item,.elementor-image-gallery .gallery.gallery-columns-6 .gallery-item,.elementor-image-gallery .gallery.gallery-columns-7 .gallery-item,.elementor-image-gallery .gallery.gallery-columns-8 .gallery-item,.elementor-image-gallery .gallery.gallery-columns-9 .gallery-item,.elementor-image-gallery .gallery.gallery-columns-10 .gallery-item{max-width:50%}}@media (max-width:479px){.elementor-image-gallery .gallery.gallery-columns-2 .gallery-item,.elementor-image-gallery .gallery.gallery-columns-3 .gallery-item,.elementor-image-gallery .gallery.gallery-columns-4 .gallery-item,.elementor-image-gallery .gallery.gallery-columns-5 .gallery-item,.elementor-image-gallery .gallery.gallery-columns-6 .gallery-item,.elementor-image-gallery .gallery.gallery-columns-7 .gallery-item,.elementor-image-gallery .gallery.gallery-columns-8 .gallery-item,.elementor-image-gallery .gallery.gallery-columns-9 .gallery-item,.elementor-image-gallery .gallery.gallery-columns-10 .gallery-item{max-width:100%}}<\/style>\t\t<div class=\"elementor-image-gallery\">\n\t\t\t<div id='gallery-1' class='gallery galleryid-2448 gallery-columns-4 gallery-size-thumbnail'><figure class='gallery-item'>\n\t\t\t<div class='gallery-icon portrait'>\n\t\t\t\t<a data-elementor-open-lightbox=\"yes\" data-elementor-lightbox-slideshow=\"92c2cbb\" data-elementor-lightbox-title=\"Linia-nr-3-dni-robocze\" data-e-action-hash=\"#elementor-action%3Aaction%3Dlightbox%26settings%3DeyJpZCI6MjQ1NiwidXJsIjoiaHR0cHM6XC9cL21wZ2suemdvcnplbGVjLnBsXC93cC1jb250ZW50XC91cGxvYWRzXC8yMDI2XC8wOVwvTGluaWEtbnItMy1kbmktcm9ib2N6ZS53ZWJwIiwic2xpZGVzaG93IjoiOTJjMmNiYiJ9\" href='https:\/\/mpgk.zgorzelec.pl\/wp-content\/uploads\/2026\/09\/Linia-nr-3-dni-robocze.webp'><img loading=\"lazy\" decoding=\"async\" width=\"150\" height=\"150\" src=\"https:\/\/mpgk.zgorzelec.pl\/wp-content\/uploads\/2026\/09\/Linia-nr-3-dni-robocze-150x150.webp\" class=\"attachment-thumbnail size-thumbnail\" alt=\"\" aria-describedby=\"gallery-1-2456\" srcset=\"https:\/\/mpgk.zgorzelec.pl\/wp-content\/uploads\/2026\/09\/Linia-nr-3-dni-robocze-150x150.webp 150w, https:\/\/mpgk.zgorzelec.pl\/wp-content\/uploads\/2026\/09\/Linia-nr-3-dni-robocze-270x270.webp 270w, https:\/\/mpgk.zgorzelec.pl\/wp-content\/uploads\/2026\/09\/Linia-nr-3-dni-robocze-230x230.webp 230w\" sizes=\"auto, (max-width: 150px) 100vw, 150px\" \/><\/a>\n\t\t\t<\/div>\n\t\t\t\t<figcaption class='wp-caption-text gallery-caption' id='gallery-1-2456'>\n\t\t\t\tLinia nr 3 &#8211; dni robocze\n\t\t\t\t<\/figcaption><\/figure><figure class='gallery-item'>\n\t\t\t<div class='gallery-icon portrait'>\n\t\t\t\t<a data-elementor-open-lightbox=\"yes\" data-elementor-lightbox-slideshow=\"92c2cbb\" data-elementor-lightbox-title=\"Linia-nr-3-soboty-niedziele-i-swieta\" data-e-action-hash=\"#elementor-action%3Aaction%3Dlightbox%26settings%3DeyJpZCI6MjQ1NCwidXJsIjoiaHR0cHM6XC9cL21wZ2suemdvcnplbGVjLnBsXC93cC1jb250ZW50XC91cGxvYWRzXC8yMDI2XC8wOVwvTGluaWEtbnItMy1zb2JvdHktbmllZHppZWxlLWktc3dpZXRhLndlYnAiLCJzbGlkZXNob3ciOiI5MmMyY2JiIn0%3D\" href='https:\/\/mpgk.zgorzelec.pl\/wp-content\/uploads\/2026\/09\/Linia-nr-3-soboty-niedziele-i-swieta.webp'><img loading=\"lazy\" decoding=\"async\" width=\"150\" height=\"150\" src=\"https:\/\/mpgk.zgorzelec.pl\/wp-content\/uploads\/2026\/09\/Linia-nr-3-soboty-niedziele-i-swieta-150x150.webp\" class=\"attachment-thumbnail size-thumbnail\" alt=\"\" aria-describedby=\"gallery-1-2454\" srcset=\"https:\/\/mpgk.zgorzelec.pl\/wp-content\/uploads\/2026\/09\/Linia-nr-3-soboty-niedziele-i-swieta-150x150.webp 150w, https:\/\/mpgk.zgorzelec.pl\/wp-content\/uploads\/2026\/09\/Linia-nr-3-soboty-niedziele-i-swieta-270x270.webp 270w, https:\/\/mpgk.zgorzelec.pl\/wp-content\/uploads\/2026\/09\/Linia-nr-3-soboty-niedziele-i-swieta-230x230.webp 230w\" sizes=\"auto, (max-width: 150px) 100vw, 150px\" \/><\/a>\n\t\t\t<\/div>\n\t\t\t\t<figcaption class='wp-caption-text gallery-caption' id='gallery-1-2454'>\n\t\t\t\tLinia nr 3 &#8211; soboty, niedziele i \u015bwi\u0119ta\n\t\t\t\t<\/figcaption><\/figure><figure class='gallery-item'>\n\t\t\t<div class='gallery-icon portrait'>\n\t\t\t\t<a data-elementor-open-lightbox=\"yes\" data-elementor-lightbox-slideshow=\"92c2cbb\" data-elementor-lightbox-title=\"Linia-nr-4-dni-robocze\" data-e-action-hash=\"#elementor-action%3Aaction%3Dlightbox%26settings%3DeyJpZCI6MjQ1MiwidXJsIjoiaHR0cHM6XC9cL21wZ2suemdvcnplbGVjLnBsXC93cC1jb250ZW50XC91cGxvYWRzXC8yMDI2XC8wOVwvTGluaWEtbnItNC1kbmktcm9ib2N6ZS53ZWJwIiwic2xpZGVzaG93IjoiOTJjMmNiYiJ9\" href='https:\/\/mpgk.zgorzelec.pl\/wp-content\/uploads\/2026\/09\/Linia-nr-4-dni-robocze.webp'><img loading=\"lazy\" decoding=\"async\" width=\"150\" height=\"150\" src=\"https:\/\/mpgk.zgorzelec.pl\/wp-content\/uploads\/2026\/09\/Linia-nr-4-dni-robocze-150x150.webp\" class=\"attachment-thumbnail size-thumbnail\" alt=\"\" aria-describedby=\"gallery-1-2452\" srcset=\"https:\/\/mpgk.zgorzelec.pl\/wp-content\/uploads\/2026\/09\/Linia-nr-4-dni-robocze-150x150.webp 150w, https:\/\/mpgk.zgorzelec.pl\/wp-content\/uploads\/2026\/09\/Linia-nr-4-dni-robocze-270x270.webp 270w, https:\/\/mpgk.zgorzelec.pl\/wp-content\/uploads\/2026\/09\/Linia-nr-4-dni-robocze-230x230.webp 230w\" sizes=\"auto, (max-width: 150px) 100vw, 150px\" \/><\/a>\n\t\t\t<\/div>\n\t\t\t\t<figcaption class='wp-caption-text gallery-caption' id='gallery-1-2452'>\n\t\t\t\tLinia nr 4 &#8211; dni robocze\n\t\t\t\t<\/figcaption><\/figure><figure class='gallery-item'>\n\t\t\t<div class='gallery-icon portrait'>\n\t\t\t\t<a data-elementor-open-lightbox=\"yes\" data-elementor-lightbox-slideshow=\"92c2cbb\" data-elementor-lightbox-title=\"Linia-nr-4-soboty-niedziele-i-swieta\" data-e-action-hash=\"#elementor-action%3Aaction%3Dlightbox%26settings%3DeyJpZCI6MjQ1NSwidXJsIjoiaHR0cHM6XC9cL21wZ2suemdvcnplbGVjLnBsXC93cC1jb250ZW50XC91cGxvYWRzXC8yMDI2XC8wOVwvTGluaWEtbnItNC1zb2JvdHktbmllZHppZWxlLWktc3dpZXRhLndlYnAiLCJzbGlkZXNob3ciOiI5MmMyY2JiIn0%3D\" href='https:\/\/mpgk.zgorzelec.pl\/wp-content\/uploads\/2026\/09\/Linia-nr-4-soboty-niedziele-i-swieta.webp'><img loading=\"lazy\" decoding=\"async\" width=\"150\" height=\"150\" src=\"https:\/\/mpgk.zgorzelec.pl\/wp-content\/uploads\/2026\/09\/Linia-nr-4-soboty-niedziele-i-swieta-150x150.webp\" class=\"attachment-thumbnail size-thumbnail\" alt=\"\" aria-describedby=\"gallery-1-2455\" srcset=\"https:\/\/mpgk.zgorzelec.pl\/wp-content\/uploads\/2026\/09\/Linia-nr-4-soboty-niedziele-i-swieta-150x150.webp 150w, https:\/\/mpgk.zgorzelec.pl\/wp-content\/uploads\/2026\/09\/Linia-nr-4-soboty-niedziele-i-swieta-270x270.webp 270w, https:\/\/mpgk.zgorzelec.pl\/wp-content\/uploads\/2026\/09\/Linia-nr-4-soboty-niedziele-i-swieta-230x230.webp 230w\" sizes=\"auto, (max-width: 150px) 100vw, 150px\" \/><\/a>\n\t\t\t<\/div>\n\t\t\t\t<figcaption class='wp-caption-text gallery-caption' id='gallery-1-2455'>\n\t\t\t\tLinia nr 4 &#8211; soboty, niedziele i \u015bwi\u0119ta\n\t\t\t\t<\/figcaption><\/figure><figure class='gallery-item'>\n\t\t\t<div class='gallery-icon portrait'>\n\t\t\t\t<a data-elementor-open-lightbox=\"yes\" data-elementor-lightbox-slideshow=\"92c2cbb\" data-elementor-lightbox-title=\"Linia-nr-5-dni-robocze\" data-e-action-hash=\"#elementor-action%3Aaction%3Dlightbox%26settings%3DeyJpZCI6MjQ1MywidXJsIjoiaHR0cHM6XC9cL21wZ2suemdvcnplbGVjLnBsXC93cC1jb250ZW50XC91cGxvYWRzXC8yMDI2XC8wOVwvTGluaWEtbnItNS1kbmktcm9ib2N6ZS53ZWJwIiwic2xpZGVzaG93IjoiOTJjMmNiYiJ9\" href='https:\/\/mpgk.zgorzelec.pl\/wp-content\/uploads\/2026\/09\/Linia-nr-5-dni-robocze.webp'><img loading=\"lazy\" decoding=\"async\" width=\"150\" height=\"150\" src=\"https:\/\/mpgk.zgorzelec.pl\/wp-content\/uploads\/2026\/09\/Linia-nr-5-dni-robocze-150x150.webp\" class=\"attachment-thumbnail size-thumbnail\" alt=\"\" aria-describedby=\"gallery-1-2453\" srcset=\"https:\/\/mpgk.zgorzelec.pl\/wp-content\/uploads\/2026\/09\/Linia-nr-5-dni-robocze-150x150.webp 150w, https:\/\/mpgk.zgorzelec.pl\/wp-content\/uploads\/2026\/09\/Linia-nr-5-dni-robocze-270x270.webp 270w, https:\/\/mpgk.zgorzelec.pl\/wp-content\/uploads\/2026\/09\/Linia-nr-5-dni-robocze-230x230.webp 230w\" sizes=\"auto, (max-width: 150px) 100vw, 150px\" \/><\/a>\n\t\t\t<\/div>\n\t\t\t\t<figcaption class='wp-caption-text gallery-caption' id='gallery-1-2453'>\n\t\t\t\tLinia nr 5 &#8211; dni robocze\n\t\t\t\t<\/figcaption><\/figure><figure class='gallery-item'>\n\t\t\t<div class='gallery-icon portrait'>\n\t\t\t\t<a data-elementor-open-lightbox=\"yes\" data-elementor-lightbox-slideshow=\"92c2cbb\" data-elementor-lightbox-title=\"Linia-nr-5-soboty-niedziele-i-swieta\" data-e-action-hash=\"#elementor-action%3Aaction%3Dlightbox%26settings%3DeyJpZCI6MjQ1MSwidXJsIjoiaHR0cHM6XC9cL21wZ2suemdvcnplbGVjLnBsXC93cC1jb250ZW50XC91cGxvYWRzXC8yMDI2XC8wOVwvTGluaWEtbnItNS1zb2JvdHktbmllZHppZWxlLWktc3dpZXRhLndlYnAiLCJzbGlkZXNob3ciOiI5MmMyY2JiIn0%3D\" href='https:\/\/mpgk.zgorzelec.pl\/wp-content\/uploads\/2026\/09\/Linia-nr-5-soboty-niedziele-i-swieta.webp'><img loading=\"lazy\" decoding=\"async\" width=\"150\" height=\"150\" src=\"https:\/\/mpgk.zgorzelec.pl\/wp-content\/uploads\/2026\/09\/Linia-nr-5-soboty-niedziele-i-swieta-150x150.webp\" class=\"attachment-thumbnail size-thumbnail\" alt=\"\" aria-describedby=\"gallery-1-2451\" srcset=\"https:\/\/mpgk.zgorzelec.pl\/wp-content\/uploads\/2026\/09\/Linia-nr-5-soboty-niedziele-i-swieta-150x150.webp 150w, https:\/\/mpgk.zgorzelec.pl\/wp-content\/uploads\/2026\/09\/Linia-nr-5-soboty-niedziele-i-swieta-270x270.webp 270w, https:\/\/mpgk.zgorzelec.pl\/wp-content\/uploads\/2026\/09\/Linia-nr-5-soboty-niedziele-i-swieta-230x230.webp 230w\" sizes=\"auto, (max-width: 150px) 100vw, 150px\" \/><\/a>\n\t\t\t<\/div>\n\t\t\t\t<figcaption class='wp-caption-text gallery-caption' id='gallery-1-2451'>\n\t\t\t\tLinia nr 5 &#8211; soboty, niedziele i \u015bwi\u0119ta\n\t\t\t\t<\/figcaption><\/figure>\n\t\t<\/div>\n\t\t<\/div>\n\t\t\t\t<\/div>\n\t\t\t\t<\/div>\n\t\t\t\t\t<\/div>\n\t\t<\/div>\n\t\t\t\t\t\t\t<\/div>\n\t\t<\/section>\n\t\t\t\t\t\t\t<\/div>\n\t\t","protected":false},"excerpt":{"rendered":"<p>Od wtorku, 1 wrze\u015bnia 2026 r., zacznie obowi\u0105zywa\u0107 zaktualizowany rozk\u0142ad jazdy komunikacji miejskiej funkcjonuj\u0105cej na terenie Zgorzelca. Wprowadzane modyfikacje maj\u0105 przede wszystkim na celu zwi\u0119kszenie obszaru Gminy Miejskiej Zgorzelec, obs\u0142ugiwanego przez komunikacj\u0119 miejsk\u0105. Dodatkowo dokonano niewielkich korekt w godzinach kursowania<\/p>\n","protected":false},"author":2,"featured_media":2457,"comment_status":"closed","ping_status":"open","sticky":false,"template":"","format":"standard","meta":{"footnotes":""},"categories":[5],"tags":[],"class_list":["post-2448","post","type-post","status-publish","format-standard","has-post-thumbnail","hentry","category-aktualnosci"],"yoast_head":"<!-- This site is optimized with the Yoast SEO plugin v20.13 - https:\/\/yoast.com\/wordpress\/plugins\/seo\/ -->\n<title>Wi\u0119cej przystank\u00f3w i zmiany w rozk\u0142adzie komunikacji miejskiej od 1 wrze\u015bnia - Miejskie Przedsi\u0119biorstwo Gospodarki Komunalnej Sp. z o.o. w Zgorzelcu<\/title>\n<meta name=\"robots\" content=\"index, follow, max-snippet:-1, max-image-preview:large, max-video-preview:-1\" \/>\n<link rel=\"canonical\" href=\"https:\/\/mpgk.zgorzelec.pl\/index.php\/2026\/08\/31\/wiecej-przystankow-i-zmiany-w-rozkladzie-komunikacji-miejskiej-od-1-wrzesnia\/\" \/>\n<meta property=\"og:locale\" content=\"pl_PL\" \/>\n<meta property=\"og:type\" content=\"article\" \/>\n<meta property=\"og:title\" content=\"Wi\u0119cej przystank\u00f3w i zmiany w rozk\u0142adzie komunikacji miejskiej od 1 wrze\u015bnia - Miejskie Przedsi\u0119biorstwo Gospodarki Komunalnej Sp. z o.o. w Zgorzelcu\" \/>\n<meta property=\"og:description\" content=\"Od wtorku, 1 wrze\u015bnia 2026 r., zacznie obowi\u0105zywa\u0107 zaktualizowany rozk\u0142ad jazdy komunikacji miejskiej funkcjonuj\u0105cej na terenie Zgorzelca. Wprowadzane modyfikacje maj\u0105 przede wszystkim na celu zwi\u0119kszenie obszaru Gminy Miejskiej Zgorzelec, obs\u0142ugiwanego przez komunikacj\u0119 miejsk\u0105. Dodatkowo dokonano niewielkich korekt w godzinach kursowania\" \/>\n<meta property=\"og:url\" content=\"https:\/\/mpgk.zgorzelec.pl\/index.php\/2026\/08\/31\/wiecej-przystankow-i-zmiany-w-rozkladzie-komunikacji-miejskiej-od-1-wrzesnia\/\" \/>\n<meta property=\"og:site_name\" content=\"Miejskie Przedsi\u0119biorstwo Gospodarki Komunalnej Sp. z o.o. w Zgorzelcu\" \/>\n<meta property=\"article:published_time\" content=\"2026-08-31T16:04:24+00:00\" \/>\n<meta property=\"article:modified_time\" content=\"2026-09-01T16:19:42+00:00\" \/>\n<meta property=\"og:image\" content=\"https:\/\/mpgk.zgorzelec.pl\/wp-content\/uploads\/2026\/09\/zmiana_rozklad_2026-scaled.jpg\" \/>\n\t<meta property=\"og:image:width\" content=\"2560\" \/>\n\t<meta property=\"og:image:height\" content=\"1920\" \/>\n\t<meta property=\"og:image:type\" content=\"image\/jpeg\" \/>\n<meta name=\"author\" content=\"admin_mpgk\" \/>\n<meta name=\"twitter:card\" content=\"summary_large_image\" \/>\n<meta name=\"twitter:label1\" content=\"Napisane przez\" \/>\n\t<meta name=\"twitter:data1\" content=\"admin_mpgk\" \/>\n\t<meta name=\"twitter:label2\" content=\"Szacowany czas czytania\" \/>\n\t<meta name=\"twitter:data2\" content=\"4 minuty\" \/>\n<script type=\"application\/ld+json\" class=\"yoast-schema-graph\">{\"@context\":\"https:\/\/schema.org\",\"@graph\":[{\"@type\":\"Article\",\"@id\":\"https:\/\/mpgk.zgorzelec.pl\/index.php\/2026\/08\/31\/wiecej-przystankow-i-zmiany-w-rozkladzie-komunikacji-miejskiej-od-1-wrzesnia\/#article\",\"isPartOf\":{\"@id\":\"https:\/\/mpgk.zgorzelec.pl\/index.php\/2026\/08\/31\/wiecej-przystankow-i-zmiany-w-rozkladzie-komunikacji-miejskiej-od-1-wrzesnia\/\"},\"author\":{\"name\":\"admin_mpgk\",\"@id\":\"https:\/\/mpgk.zgorzelec.pl\/#\/schema\/person\/8801f8f33065afab42178262821010bc\"},\"headline\":\"Wi\u0119cej przystank\u00f3w i zmiany w rozk\u0142adzie komunikacji miejskiej od 1 wrze\u015bnia\",\"datePublished\":\"2026-08-31T16:04:24+00:00\",\"dateModified\":\"2026-09-01T16:19:42+00:00\",\"mainEntityOfPage\":{\"@id\":\"https:\/\/mpgk.zgorzelec.pl\/index.php\/2026\/08\/31\/wiecej-przystankow-i-zmiany-w-rozkladzie-komunikacji-miejskiej-od-1-wrzesnia\/\"},\"wordCount\":414,\"publisher\":{\"@id\":\"https:\/\/mpgk.zgorzelec.pl\/#organization\"},\"articleSection\":[\"Aktualno\u015bci\"],\"inLanguage\":\"pl-PL\"},{\"@type\":\"WebPage\",\"@id\":\"https:\/\/mpgk.zgorzelec.pl\/index.php\/2026\/08\/31\/wiecej-przystankow-i-zmiany-w-rozkladzie-komunikacji-miejskiej-od-1-wrzesnia\/\",\"url\":\"https:\/\/mpgk.zgorzelec.pl\/index.php\/2026\/08\/31\/wiecej-przystankow-i-zmiany-w-rozkladzie-komunikacji-miejskiej-od-1-wrzesnia\/\",\"name\":\"Wi\u0119cej przystank\u00f3w i zmiany w rozk\u0142adzie komunikacji miejskiej od 1 wrze\u015bnia - Miejskie Przedsi\u0119biorstwo Gospodarki Komunalnej Sp. z o.o. w Zgorzelcu\",\"isPartOf\":{\"@id\":\"https:\/\/mpgk.zgorzelec.pl\/#website\"},\"datePublished\":\"2026-08-31T16:04:24+00:00\",\"dateModified\":\"2026-09-01T16:19:42+00:00\",\"breadcrumb\":{\"@id\":\"https:\/\/mpgk.zgorzelec.pl\/index.php\/2026\/08\/31\/wiecej-przystankow-i-zmiany-w-rozkladzie-komunikacji-miejskiej-od-1-wrzesnia\/#breadcrumb\"},\"inLanguage\":\"pl-PL\",\"potentialAction\":[{\"@type\":\"ReadAction\",\"target\":[\"https:\/\/mpgk.zgorzelec.pl\/index.php\/2026\/08\/31\/wiecej-przystankow-i-zmiany-w-rozkladzie-komunikacji-miejskiej-od-1-wrzesnia\/\"]}]},{\"@type\":\"BreadcrumbList\",\"@id\":\"https:\/\/mpgk.zgorzelec.pl\/index.php\/2026\/08\/31\/wiecej-przystankow-i-zmiany-w-rozkladzie-komunikacji-miejskiej-od-1-wrzesnia\/#breadcrumb\",\"itemListElement\":[{\"@type\":\"ListItem\",\"position\":1,\"name\":\"Home\",\"item\":\"https:\/\/mpgk.zgorzelec.pl\/\"},{\"@type\":\"ListItem\",\"position\":2,\"name\":\"Wi\u0119cej przystank\u00f3w i zmiany w rozk\u0142adzie komunikacji miejskiej od 1 wrze\u015bnia\"}]},{\"@type\":\"WebSite\",\"@id\":\"https:\/\/mpgk.zgorzelec.pl\/#website\",\"url\":\"https:\/\/mpgk.zgorzelec.pl\/\",\"name\":\"Miejskie Przedsi\u0119biorstwo Gospodarki Komunalnej Sp. z o.o. w Zgorzelcu\",\"description\":\"MPGK Zgorzelec\",\"publisher\":{\"@id\":\"https:\/\/mpgk.zgorzelec.pl\/#organization\"},\"potentialAction\":[{\"@type\":\"SearchAction\",\"target\":{\"@type\":\"EntryPoint\",\"urlTemplate\":\"https:\/\/mpgk.zgorzelec.pl\/?s={search_term_string}\"},\"query-input\":\"required name=search_term_string\"}],\"inLanguage\":\"pl-PL\"},{\"@type\":\"Organization\",\"@id\":\"https:\/\/mpgk.zgorzelec.pl\/#organization\",\"name\":\"Miejskie Przedsi\u0119biorstwo Gospodarki Komunalnej Sp. z o.o. w Zgorzelcu\",\"url\":\"https:\/\/mpgk.zgorzelec.pl\/\",\"logo\":{\"@type\":\"ImageObject\",\"inLanguage\":\"pl-PL\",\"@id\":\"https:\/\/mpgk.zgorzelec.pl\/#\/schema\/logo\/image\/\",\"url\":\"https:\/\/mpgk.zgorzelec.pl\/wp-content\/uploads\/2022\/05\/cropped-Logo-e1653213732347.png\",\"contentUrl\":\"https:\/\/mpgk.zgorzelec.pl\/wp-content\/uploads\/2022\/05\/cropped-Logo-e1653213732347.png\",\"width\":100,\"height\":63,\"caption\":\"Miejskie Przedsi\u0119biorstwo Gospodarki Komunalnej Sp. z o.o. w Zgorzelcu\"},\"image\":{\"@id\":\"https:\/\/mpgk.zgorzelec.pl\/#\/schema\/logo\/image\/\"}},{\"@type\":\"Person\",\"@id\":\"https:\/\/mpgk.zgorzelec.pl\/#\/schema\/person\/8801f8f33065afab42178262821010bc\",\"name\":\"admin_mpgk\",\"image\":{\"@type\":\"ImageObject\",\"inLanguage\":\"pl-PL\",\"@id\":\"https:\/\/mpgk.zgorzelec.pl\/#\/schema\/person\/image\/\",\"url\":\"https:\/\/secure.gravatar.com\/avatar\/91668d69b43d2546084ed9ead65dd136?s=96&d=mm&r=g\",\"contentUrl\":\"https:\/\/secure.gravatar.com\/avatar\/91668d69b43d2546084ed9ead65dd136?s=96&d=mm&r=g\",\"caption\":\"admin_mpgk\"},\"sameAs\":[\"http:\/\/mpgk1.home.pl\/autoinstalator\/wordpressplugins2\"],\"url\":\"https:\/\/mpgk.zgorzelec.pl\/index.php\/author\/admin-2\/\"}]}<\/script>\n<!-- \/ Yoast SEO plugin. -->","yoast_head_json":{"title":"Wi\u0119cej przystank\u00f3w i zmiany w rozk\u0142adzie komunikacji miejskiej od 1 wrze\u015bnia - Miejskie Przedsi\u0119biorstwo Gospodarki Komunalnej Sp. z o.o. w Zgorzelcu","robots":{"index":"index","follow":"follow","max-snippet":"max-snippet:-1","max-image-preview":"max-image-preview:large","max-video-preview":"max-video-preview:-1"},"canonical":"https:\/\/mpgk.zgorzelec.pl\/index.php\/2026\/08\/31\/wiecej-przystankow-i-zmiany-w-rozkladzie-komunikacji-miejskiej-od-1-wrzesnia\/","og_locale":"pl_PL","og_type":"article","og_title":"Wi\u0119cej przystank\u00f3w i zmiany w rozk\u0142adzie komunikacji miejskiej od 1 wrze\u015bnia - Miejskie Przedsi\u0119biorstwo Gospodarki Komunalnej Sp. z o.o. w Zgorzelcu","og_description":"Od wtorku, 1 wrze\u015bnia 2026 r., zacznie obowi\u0105zywa\u0107 zaktualizowany rozk\u0142ad jazdy komunikacji miejskiej funkcjonuj\u0105cej na terenie Zgorzelca. Wprowadzane modyfikacje maj\u0105 przede wszystkim na celu zwi\u0119kszenie obszaru Gminy Miejskiej Zgorzelec, obs\u0142ugiwanego przez komunikacj\u0119 miejsk\u0105. Dodatkowo dokonano niewielkich korekt w godzinach kursowania","og_url":"https:\/\/mpgk.zgorzelec.pl\/index.php\/2026\/08\/31\/wiecej-przystankow-i-zmiany-w-rozkladzie-komunikacji-miejskiej-od-1-wrzesnia\/","og_site_name":"Miejskie Przedsi\u0119biorstwo Gospodarki Komunalnej Sp. z o.o. w Zgorzelcu","article_published_time":"2026-08-31T16:04:24+00:00","article_modified_time":"2026-09-01T16:19:42+00:00","og_image":[{"width":2560,"height":1920,"url":"https:\/\/mpgk.zgorzelec.pl\/wp-content\/uploads\/2026\/09\/zmiana_rozklad_2026-scaled.jpg","type":"image\/jpeg"}],"author":"admin_mpgk","twitter_card":"summary_large_image","twitter_misc":{"Napisane przez":"admin_mpgk","Szacowany czas czytania":"4 minuty"},"schema":{"@context":"https:\/\/schema.org","@graph":[{"@type":"Article","@id":"https:\/\/mpgk.zgorzelec.pl\/index.php\/2026\/08\/31\/wiecej-przystankow-i-zmiany-w-rozkladzie-komunikacji-miejskiej-od-1-wrzesnia\/#article","isPartOf":{"@id":"https:\/\/mpgk.zgorzelec.pl\/index.php\/2026\/08\/31\/wiecej-przystankow-i-zmiany-w-rozkladzie-komunikacji-miejskiej-od-1-wrzesnia\/"},"author":{"name":"admin_mpgk","@id":"https:\/\/mpgk.zgorzelec.pl\/#\/schema\/person\/8801f8f33065afab42178262821010bc"},"headline":"Wi\u0119cej przystank\u00f3w i zmiany w rozk\u0142adzie komunikacji miejskiej od 1 wrze\u015bnia","datePublished":"2026-08-31T16:04:24+00:00","dateModified":"2026-09-01T16:19:42+00:00","mainEntityOfPage":{"@id":"https:\/\/mpgk.zgorzelec.pl\/index.php\/2026\/08\/31\/wiecej-przystankow-i-zmiany-w-rozkladzie-komunikacji-miejskiej-od-1-wrzesnia\/"},"wordCount":414,"publisher":{"@id":"https:\/\/mpgk.zgorzelec.pl\/#organization"},"articleSection":["Aktualno\u015bci"],"inLanguage":"pl-PL"},{"@type":"WebPage","@id":"https:\/\/mpgk.zgorzelec.pl\/index.php\/2026\/08\/31\/wiecej-przystankow-i-zmiany-w-rozkladzie-komunikacji-miejskiej-od-1-wrzesnia\/","url":"https:\/\/mpgk.zgorzelec.pl\/index.php\/2026\/08\/31\/wiecej-przystankow-i-zmiany-w-rozkladzie-komunikacji-miejskiej-od-1-wrzesnia\/","name":"Wi\u0119cej przystank\u00f3w i zmiany w rozk\u0142adzie komunikacji miejskiej od 1 wrze\u015bnia - Miejskie Przedsi\u0119biorstwo Gospodarki Komunalnej Sp. z o.o. w Zgorzelcu","isPartOf":{"@id":"https:\/\/mpgk.zgorzelec.pl\/#website"},"datePublished":"2026-08-31T16:04:24+00:00","dateModified":"2026-09-01T16:19:42+00:00","breadcrumb":{"@id":"https:\/\/mpgk.zgorzelec.pl\/index.php\/2026\/08\/31\/wiecej-przystankow-i-zmiany-w-rozkladzie-komunikacji-miejskiej-od-1-wrzesnia\/#breadcrumb"},"inLanguage":"pl-PL","potentialAction":[{"@type":"ReadAction","target":["https:\/\/mpgk.zgorzelec.pl\/index.php\/2026\/08\/31\/wiecej-przystankow-i-zmiany-w-rozkladzie-komunikacji-miejskiej-od-1-wrzesnia\/"]}]},{"@type":"BreadcrumbList","@id":"https:\/\/mpgk.zgorzelec.pl\/index.php\/2026\/08\/31\/wiecej-przystankow-i-zmiany-w-rozkladzie-komunikacji-miejskiej-od-1-wrzesnia\/#breadcrumb","itemListElement":[{"@type":"ListItem","position":1,"name":"Home","item":"https:\/\/mpgk.zgorzelec.pl\/"},{"@type":"ListItem","position":2,"name":"Wi\u0119cej przystank\u00f3w i zmiany w rozk\u0142adzie komunikacji miejskiej od 1 wrze\u015bnia"}]},{"@type":"WebSite","@id":"https:\/\/mpgk.zgorzelec.pl\/#website","url":"https:\/\/mpgk.zgorzelec.pl\/","name":"Miejskie Przedsi\u0119biorstwo Gospodarki Komunalnej Sp. z o.o. w Zgorzelcu","description":"MPGK Zgorzelec","publisher":{"@id":"https:\/\/mpgk.zgorzelec.pl\/#organization"},"potentialAction":[{"@type":"SearchAction","target":{"@type":"EntryPoint","urlTemplate":"https:\/\/mpgk.zgorzelec.pl\/?s={search_term_string}"},"query-input":"required name=search_term_string"}],"inLanguage":"pl-PL"},{"@type":"Organization","@id":"https:\/\/mpgk.zgorzelec.pl\/#organization","name":"Miejskie Przedsi\u0119biorstwo Gospodarki Komunalnej Sp. z o.o. w Zgorzelcu","url":"https:\/\/mpgk.zgorzelec.pl\/","logo":{"@type":"ImageObject","inLanguage":"pl-PL","@id":"https:\/\/mpgk.zgorzelec.pl\/#\/schema\/logo\/image\/","url":"https:\/\/mpgk.zgorzelec.pl\/wp-content\/uploads\/2022\/05\/cropped-Logo-e1653213732347.png","contentUrl":"https:\/\/mpgk.zgorzelec.pl\/wp-content\/uploads\/2022\/05\/cropped-Logo-e1653213732347.png","width":100,"height":63,"caption":"Miejskie Przedsi\u0119biorstwo Gospodarki Komunalnej Sp. z o.o. w Zgorzelcu"},"image":{"@id":"https:\/\/mpgk.zgorzelec.pl\/#\/schema\/logo\/image\/"}},{"@type":"Person","@id":"https:\/\/mpgk.zgorzelec.pl\/#\/schema\/person\/8801f8f33065afab42178262821010bc","name":"admin_mpgk","image":{"@type":"ImageObject","inLanguage":"pl-PL","@id":"https:\/\/mpgk.zgorzelec.pl\/#\/schema\/person\/image\/","url":"https:\/\/secure.gravatar.com\/avatar\/91668d69b43d2546084ed9ead65dd136?s=96&d=mm&r=g","contentUrl":"https:\/\/secure.gravatar.com\/avatar\/91668d69b43d2546084ed9ead65dd136?s=96&d=mm&r=g","caption":"admin_mpgk"},"sameAs":["http:\/\/mpgk1.home.pl\/autoinstalator\/wordpressplugins2"],"url":"https:\/\/mpgk.zgorzelec.pl\/index.php\/author\/admin-2\/"}]}},"_links":{"self":[{"href":"https:\/\/mpgk.zgorzelec.pl\/index.php\/wp-json\/wp\/v2\/posts\/2448","targetHints":{"allow":["GET"]}}],"collection":[{"href":"https:\/\/mpgk.zgorzelec.pl\/index.php\/wp-json\/wp\/v2\/posts"}],"about":[{"href":"https:\/\/mpgk.zgorzelec.pl\/index.php\/wp-json\/wp\/v2\/types\/post"}],"author":[{"embeddable":true,"href":"https:\/\/mpgk.zgorzelec.pl\/index.php\/wp-json\/wp\/v2\/users\/2"}],"replies":[{"embeddable":true,"href":"https:\/\/mpgk.zgorzelec.pl\/index.php\/wp-json\/wp\/v2\/comments?post=2448"}],"version-history":[{"count":6,"href":"https:\/\/mpgk.zgorzelec.pl\/index.php\/wp-json\/wp\/v2\/posts\/2448\/revisions"}],"predecessor-version":[{"id":2461,"href":"https:\/\/mpgk.zgorzelec.pl\/index.php\/wp-json\/wp\/v2\/posts\/2448\/revisions\/2461"}],"wp:featuredmedia":[{"embeddable":true,"href":"https:\/\/mpgk.zgorzelec.pl\/index.php\/wp-json\/wp\/v2\/media\/2457"}],"wp:attachment":[{"href":"https:\/\/mpgk.zgorzelec.pl\/index.php\/wp-json\/wp\/v2\/media?parent=2448"}],"wp:term":[{"taxonomy":"category","embeddable":true,"href":"https:\/\/mpgk.zgorzelec.pl\/index.php\/wp-json\/wp\/v2\/categories?post=2448"},{"taxonomy":"post_tag","embeddable":true,"href":"https:\/\/mpgk.zgorzelec.pl\/index.php\/wp-json\/wp\/v2\/tags?post=2448"}],"curies":[{"name":"wp","href":"https:\/\/api.w.org\/{rel}","templated":true}]}}