{"id":2129,"date":"2025-12-21T19:51:00","date_gmt":"2025-12-21T18:51:00","guid":{"rendered":"https:\/\/mpgk.zgorzelec.pl\/?p=2129"},"modified":"2025-12-21T19:56:38","modified_gmt":"2025-12-21T18:56:38","slug":"przerwa-w-pracy-mpszok-do-7-01-2026","status":"publish","type":"post","link":"https:\/\/mpgk.zgorzelec.pl\/index.php\/2025\/12\/21\/przerwa-w-pracy-mpszok-do-7-01-2026\/","title":{"rendered":"Przerwa w pracy mPSZOK do 06.01.2026"},"content":{"rendered":"\t\t<div data-elementor-type=\"wp-post\" data-elementor-id=\"2129\" class=\"elementor elementor-2129\">\n\t\t\t\t\t\t\t\t\t<section class=\"elementor-section elementor-top-section elementor-element elementor-element-cf548b7 elementor-section-boxed elementor-section-height-default elementor-section-height-default\" data-id=\"cf548b7\" data-element_type=\"section\">\n\t\t\t\t\t\t<div class=\"elementor-container elementor-column-gap-default\">\n\t\t\t\t\t<div class=\"elementor-column elementor-col-100 elementor-top-column elementor-element elementor-element-fd0fbde\" data-id=\"fd0fbde\" data-element_type=\"column\">\n\t\t\t<div class=\"elementor-widget-wrap elementor-element-populated\">\n\t\t\t\t\t\t\t\t<div class=\"elementor-element elementor-element-58bb91b elementor-widget elementor-widget-image\" data-id=\"58bb91b\" data-element_type=\"widget\" data-widget_type=\"image.default\">\n\t\t\t\t<div class=\"elementor-widget-container\">\n\t\t\t<style>\/*! elementor - v3.15.0 - 09-08-2023 *\/\n.elementor-widget-image{text-align:center}.elementor-widget-image a{display:inline-block}.elementor-widget-image a img[src$=\".svg\"]{width:48px}.elementor-widget-image img{vertical-align:middle;display:inline-block}<\/style>\t\t\t\t\t\t\t\t\t\t\t\t<img loading=\"lazy\" decoding=\"async\" width=\"750\" height=\"500\" src=\"https:\/\/mpgk.zgorzelec.pl\/wp-content\/uploads\/2025\/12\/pszok_grudzien-1024x683.jpg\" class=\"attachment-large size-large wp-image-2130\" alt=\"\" srcset=\"https:\/\/mpgk.zgorzelec.pl\/wp-content\/uploads\/2025\/12\/pszok_grudzien-1024x683.jpg 1024w, https:\/\/mpgk.zgorzelec.pl\/wp-content\/uploads\/2025\/12\/pszok_grudzien-300x200.jpg 300w, https:\/\/mpgk.zgorzelec.pl\/wp-content\/uploads\/2025\/12\/pszok_grudzien-768x512.jpg 768w, https:\/\/mpgk.zgorzelec.pl\/wp-content\/uploads\/2025\/12\/pszok_grudzien.jpg 1095w\" sizes=\"auto, (max-width: 750px) 100vw, 750px\" \/>\t\t\t\t\t\t\t\t\t\t\t\t\t\t\t<\/div>\n\t\t\t\t<\/div>\n\t\t\t\t\t<\/div>\n\t\t<\/div>\n\t\t\t\t\t\t\t<\/div>\n\t\t<\/section>\n\t\t\t\t<section class=\"elementor-section elementor-top-section elementor-element elementor-element-402d9724 elementor-section-boxed elementor-section-height-default elementor-section-height-default\" data-id=\"402d9724\" data-element_type=\"section\">\n\t\t\t\t\t\t<div class=\"elementor-container elementor-column-gap-default\">\n\t\t\t\t\t<div class=\"elementor-column elementor-col-100 elementor-top-column elementor-element elementor-element-3cdfecbc\" data-id=\"3cdfecbc\" data-element_type=\"column\">\n\t\t\t<div class=\"elementor-widget-wrap elementor-element-populated\">\n\t\t\t\t\t\t\t\t<div class=\"elementor-element elementor-element-7b304392 elementor-widget elementor-widget-text-editor\" data-id=\"7b304392\" data-element_type=\"widget\" data-widget_type=\"text-editor.default\">\n\t\t\t\t<div class=\"elementor-widget-container\">\n\t\t\t<style>\/*! elementor - v3.15.0 - 09-08-2023 *\/\n.elementor-widget-text-editor.elementor-drop-cap-view-stacked .elementor-drop-cap{background-color:#69727d;color:#fff}.elementor-widget-text-editor.elementor-drop-cap-view-framed .elementor-drop-cap{color:#69727d;border:3px solid;background-color:transparent}.elementor-widget-text-editor:not(.elementor-drop-cap-view-default) .elementor-drop-cap{margin-top:8px}.elementor-widget-text-editor:not(.elementor-drop-cap-view-default) .elementor-drop-cap-letter{width:1em;height:1em}.elementor-widget-text-editor .elementor-drop-cap{float:left;text-align:center;line-height:1;font-size:50px}.elementor-widget-text-editor .elementor-drop-cap-letter{display:inline-block}<\/style>\t\t\t\t<!-- wp:paragraph -->\n<p>Szanowni Pa\u0144stwo,<\/p>\n<!-- \/wp:paragraph --><!-- wp:paragraph -->\n<p>Informujemy, \u017ce <strong>mPSZOK w Zgorzelcu<\/strong> ze wzgl\u0119du na przerw\u0119 \u015bwi\u0105teczn\u0105 <strong>b\u0119dzie nieczynny od 24.12.2025 do 06.01.2025 r. <\/strong>Zapraszamy do korzystania z mPSZOK od 07.01.2026 r.<\/p>\n<p>Prosimy o uwzgl\u0119dnienie informacji przy planowaniu oddania odpad\u00f3w do mPSZOK.<\/p>\n<!-- \/wp:paragraph --><!-- wp:paragraph -->\n<p>Przypominamy r\u00f3wnie\u017c, \u017ce PSZOK w J\u0119drzychowicach nie dzia\u0142a do odwo\u0142ania.<\/p>\n<!-- \/wp:paragraph --><!-- wp:paragraph -->\n<p>W razie pyta\u0144 prosimy o kontakt telefoniczny &#8211; 75 77 58 484<\/p>\n<!-- \/wp:paragraph -->\t\t\t\t\t\t<\/div>\n\t\t\t\t<\/div>\n\t\t\t\t\t<\/div>\n\t\t<\/div>\n\t\t\t\t\t\t\t<\/div>\n\t\t<\/section>\n\t\t\t\t\t\t\t<\/div>\n\t\t","protected":false},"excerpt":{"rendered":"<p>Szanowni Pa\u0144stwo, Informujemy, \u017ce mPSZOK w Zgorzelcu ze wzgl\u0119du na przerw\u0119 \u015bwi\u0105teczn\u0105 b\u0119dzie nieczynny od 24.12.2025 do 06.01.2025 r. Zapraszamy do korzystania z mPSZOK od 07.01.2026 r. Prosimy o uwzgl\u0119dnienie informacji przy planowaniu oddania odpad\u00f3w do mPSZOK. Przypominamy r\u00f3wnie\u017c, \u017ce<\/p>\n","protected":false},"author":2,"featured_media":2130,"comment_status":"closed","ping_status":"open","sticky":false,"template":"","format":"standard","meta":{"footnotes":""},"categories":[5],"tags":[],"class_list":["post-2129","post","type-post","status-publish","format-standard","has-post-thumbnail","hentry","category-aktualnosci"],"yoast_head":"<!-- This site is optimized with the Yoast SEO plugin v20.13 - https:\/\/yoast.com\/wordpress\/plugins\/seo\/ -->\n<title>Przerwa w pracy mPSZOK do 06.01.2026 - Miejskie Przedsi\u0119biorstwo Gospodarki Komunalnej Sp. z o.o. w Zgorzelcu<\/title>\n<meta name=\"robots\" content=\"index, follow, max-snippet:-1, max-image-preview:large, max-video-preview:-1\" \/>\n<link rel=\"canonical\" href=\"https:\/\/mpgk.zgorzelec.pl\/index.php\/2025\/12\/21\/przerwa-w-pracy-mpszok-do-7-01-2026\/\" \/>\n<meta property=\"og:locale\" content=\"pl_PL\" \/>\n<meta property=\"og:type\" content=\"article\" \/>\n<meta property=\"og:title\" content=\"Przerwa w pracy mPSZOK do 06.01.2026 - Miejskie Przedsi\u0119biorstwo Gospodarki Komunalnej Sp. z o.o. w Zgorzelcu\" \/>\n<meta property=\"og:description\" content=\"Szanowni Pa\u0144stwo, Informujemy, \u017ce mPSZOK w Zgorzelcu ze wzgl\u0119du na przerw\u0119 \u015bwi\u0105teczn\u0105 b\u0119dzie nieczynny od 24.12.2025 do 06.01.2025 r. Zapraszamy do korzystania z mPSZOK od 07.01.2026 r. Prosimy o uwzgl\u0119dnienie informacji przy planowaniu oddania odpad\u00f3w do mPSZOK. Przypominamy r\u00f3wnie\u017c, \u017ce\" \/>\n<meta property=\"og:url\" content=\"https:\/\/mpgk.zgorzelec.pl\/index.php\/2025\/12\/21\/przerwa-w-pracy-mpszok-do-7-01-2026\/\" \/>\n<meta property=\"og:site_name\" content=\"Miejskie Przedsi\u0119biorstwo Gospodarki Komunalnej Sp. z o.o. w Zgorzelcu\" \/>\n<meta property=\"article:published_time\" content=\"2025-12-21T18:51:00+00:00\" \/>\n<meta property=\"article:modified_time\" content=\"2025-12-21T18:56:38+00:00\" \/>\n<meta property=\"og:image\" content=\"https:\/\/mpgk.zgorzelec.pl\/wp-content\/uploads\/2025\/12\/pszok_grudzien.jpg\" \/>\n\t<meta property=\"og:image:width\" content=\"1095\" \/>\n\t<meta property=\"og:image:height\" content=\"730\" \/>\n\t<meta property=\"og:image:type\" content=\"image\/jpeg\" \/>\n<meta name=\"author\" content=\"admin_mpgk\" \/>\n<meta name=\"twitter:card\" content=\"summary_large_image\" \/>\n<meta name=\"twitter:label1\" content=\"Napisane przez\" \/>\n\t<meta name=\"twitter:data1\" content=\"admin_mpgk\" \/>\n\t<meta name=\"twitter:label2\" content=\"Szacowany czas czytania\" \/>\n\t<meta name=\"twitter:data2\" content=\"1 minuta\" \/>\n<script type=\"application\/ld+json\" class=\"yoast-schema-graph\">{\"@context\":\"https:\/\/schema.org\",\"@graph\":[{\"@type\":\"Article\",\"@id\":\"https:\/\/mpgk.zgorzelec.pl\/index.php\/2025\/12\/21\/przerwa-w-pracy-mpszok-do-7-01-2026\/#article\",\"isPartOf\":{\"@id\":\"https:\/\/mpgk.zgorzelec.pl\/index.php\/2025\/12\/21\/przerwa-w-pracy-mpszok-do-7-01-2026\/\"},\"author\":{\"name\":\"admin_mpgk\",\"@id\":\"https:\/\/mpgk.zgorzelec.pl\/#\/schema\/person\/8801f8f33065afab42178262821010bc\"},\"headline\":\"Przerwa w pracy mPSZOK do 06.01.2026\",\"datePublished\":\"2025-12-21T18:51:00+00:00\",\"dateModified\":\"2025-12-21T18:56:38+00:00\",\"mainEntityOfPage\":{\"@id\":\"https:\/\/mpgk.zgorzelec.pl\/index.php\/2025\/12\/21\/przerwa-w-pracy-mpszok-do-7-01-2026\/\"},\"wordCount\":67,\"publisher\":{\"@id\":\"https:\/\/mpgk.zgorzelec.pl\/#organization\"},\"articleSection\":[\"Aktualno\u015bci\"],\"inLanguage\":\"pl-PL\"},{\"@type\":\"WebPage\",\"@id\":\"https:\/\/mpgk.zgorzelec.pl\/index.php\/2025\/12\/21\/przerwa-w-pracy-mpszok-do-7-01-2026\/\",\"url\":\"https:\/\/mpgk.zgorzelec.pl\/index.php\/2025\/12\/21\/przerwa-w-pracy-mpszok-do-7-01-2026\/\",\"name\":\"Przerwa w pracy mPSZOK do 06.01.2026 - Miejskie Przedsi\u0119biorstwo Gospodarki Komunalnej Sp. z o.o. w Zgorzelcu\",\"isPartOf\":{\"@id\":\"https:\/\/mpgk.zgorzelec.pl\/#website\"},\"datePublished\":\"2025-12-21T18:51:00+00:00\",\"dateModified\":\"2025-12-21T18:56:38+00:00\",\"breadcrumb\":{\"@id\":\"https:\/\/mpgk.zgorzelec.pl\/index.php\/2025\/12\/21\/przerwa-w-pracy-mpszok-do-7-01-2026\/#breadcrumb\"},\"inLanguage\":\"pl-PL\",\"potentialAction\":[{\"@type\":\"ReadAction\",\"target\":[\"https:\/\/mpgk.zgorzelec.pl\/index.php\/2025\/12\/21\/przerwa-w-pracy-mpszok-do-7-01-2026\/\"]}]},{\"@type\":\"BreadcrumbList\",\"@id\":\"https:\/\/mpgk.zgorzelec.pl\/index.php\/2025\/12\/21\/przerwa-w-pracy-mpszok-do-7-01-2026\/#breadcrumb\",\"itemListElement\":[{\"@type\":\"ListItem\",\"position\":1,\"name\":\"Home\",\"item\":\"https:\/\/mpgk.zgorzelec.pl\/\"},{\"@type\":\"ListItem\",\"position\":2,\"name\":\"Przerwa w pracy mPSZOK do 06.01.2026\"}]},{\"@type\":\"WebSite\",\"@id\":\"https:\/\/mpgk.zgorzelec.pl\/#website\",\"url\":\"https:\/\/mpgk.zgorzelec.pl\/\",\"name\":\"Miejskie Przedsi\u0119biorstwo Gospodarki Komunalnej Sp. z o.o. w Zgorzelcu\",\"description\":\"MPGK Zgorzelec\",\"publisher\":{\"@id\":\"https:\/\/mpgk.zgorzelec.pl\/#organization\"},\"potentialAction\":[{\"@type\":\"SearchAction\",\"target\":{\"@type\":\"EntryPoint\",\"urlTemplate\":\"https:\/\/mpgk.zgorzelec.pl\/?s={search_term_string}\"},\"query-input\":\"required name=search_term_string\"}],\"inLanguage\":\"pl-PL\"},{\"@type\":\"Organization\",\"@id\":\"https:\/\/mpgk.zgorzelec.pl\/#organization\",\"name\":\"Miejskie Przedsi\u0119biorstwo Gospodarki Komunalnej Sp. z o.o. w Zgorzelcu\",\"url\":\"https:\/\/mpgk.zgorzelec.pl\/\",\"logo\":{\"@type\":\"ImageObject\",\"inLanguage\":\"pl-PL\",\"@id\":\"https:\/\/mpgk.zgorzelec.pl\/#\/schema\/logo\/image\/\",\"url\":\"https:\/\/mpgk.zgorzelec.pl\/wp-content\/uploads\/2022\/05\/cropped-Logo-e1653213732347.png\",\"contentUrl\":\"https:\/\/mpgk.zgorzelec.pl\/wp-content\/uploads\/2022\/05\/cropped-Logo-e1653213732347.png\",\"width\":100,\"height\":63,\"caption\":\"Miejskie Przedsi\u0119biorstwo Gospodarki Komunalnej Sp. z o.o. w Zgorzelcu\"},\"image\":{\"@id\":\"https:\/\/mpgk.zgorzelec.pl\/#\/schema\/logo\/image\/\"}},{\"@type\":\"Person\",\"@id\":\"https:\/\/mpgk.zgorzelec.pl\/#\/schema\/person\/8801f8f33065afab42178262821010bc\",\"name\":\"admin_mpgk\",\"image\":{\"@type\":\"ImageObject\",\"inLanguage\":\"pl-PL\",\"@id\":\"https:\/\/mpgk.zgorzelec.pl\/#\/schema\/person\/image\/\",\"url\":\"https:\/\/secure.gravatar.com\/avatar\/91668d69b43d2546084ed9ead65dd136?s=96&d=mm&r=g\",\"contentUrl\":\"https:\/\/secure.gravatar.com\/avatar\/91668d69b43d2546084ed9ead65dd136?s=96&d=mm&r=g\",\"caption\":\"admin_mpgk\"},\"sameAs\":[\"http:\/\/mpgk1.home.pl\/autoinstalator\/wordpressplugins2\"],\"url\":\"https:\/\/mpgk.zgorzelec.pl\/index.php\/author\/admin-2\/\"}]}<\/script>\n<!-- \/ Yoast SEO plugin. -->","yoast_head_json":{"title":"Przerwa w pracy mPSZOK do 06.01.2026 - Miejskie Przedsi\u0119biorstwo Gospodarki Komunalnej Sp. z o.o. w Zgorzelcu","robots":{"index":"index","follow":"follow","max-snippet":"max-snippet:-1","max-image-preview":"max-image-preview:large","max-video-preview":"max-video-preview:-1"},"canonical":"https:\/\/mpgk.zgorzelec.pl\/index.php\/2025\/12\/21\/przerwa-w-pracy-mpszok-do-7-01-2026\/","og_locale":"pl_PL","og_type":"article","og_title":"Przerwa w pracy mPSZOK do 06.01.2026 - Miejskie Przedsi\u0119biorstwo Gospodarki Komunalnej Sp. z o.o. w Zgorzelcu","og_description":"Szanowni Pa\u0144stwo, Informujemy, \u017ce mPSZOK w Zgorzelcu ze wzgl\u0119du na przerw\u0119 \u015bwi\u0105teczn\u0105 b\u0119dzie nieczynny od 24.12.2025 do 06.01.2025 r. Zapraszamy do korzystania z mPSZOK od 07.01.2026 r. Prosimy o uwzgl\u0119dnienie informacji przy planowaniu oddania odpad\u00f3w do mPSZOK. Przypominamy r\u00f3wnie\u017c, \u017ce","og_url":"https:\/\/mpgk.zgorzelec.pl\/index.php\/2025\/12\/21\/przerwa-w-pracy-mpszok-do-7-01-2026\/","og_site_name":"Miejskie Przedsi\u0119biorstwo Gospodarki Komunalnej Sp. z o.o. w Zgorzelcu","article_published_time":"2025-12-21T18:51:00+00:00","article_modified_time":"2025-12-21T18:56:38+00:00","og_image":[{"width":1095,"height":730,"url":"https:\/\/mpgk.zgorzelec.pl\/wp-content\/uploads\/2025\/12\/pszok_grudzien.jpg","type":"image\/jpeg"}],"author":"admin_mpgk","twitter_card":"summary_large_image","twitter_misc":{"Napisane przez":"admin_mpgk","Szacowany czas czytania":"1 minuta"},"schema":{"@context":"https:\/\/schema.org","@graph":[{"@type":"Article","@id":"https:\/\/mpgk.zgorzelec.pl\/index.php\/2025\/12\/21\/przerwa-w-pracy-mpszok-do-7-01-2026\/#article","isPartOf":{"@id":"https:\/\/mpgk.zgorzelec.pl\/index.php\/2025\/12\/21\/przerwa-w-pracy-mpszok-do-7-01-2026\/"},"author":{"name":"admin_mpgk","@id":"https:\/\/mpgk.zgorzelec.pl\/#\/schema\/person\/8801f8f33065afab42178262821010bc"},"headline":"Przerwa w pracy mPSZOK do 06.01.2026","datePublished":"2025-12-21T18:51:00+00:00","dateModified":"2025-12-21T18:56:38+00:00","mainEntityOfPage":{"@id":"https:\/\/mpgk.zgorzelec.pl\/index.php\/2025\/12\/21\/przerwa-w-pracy-mpszok-do-7-01-2026\/"},"wordCount":67,"publisher":{"@id":"https:\/\/mpgk.zgorzelec.pl\/#organization"},"articleSection":["Aktualno\u015bci"],"inLanguage":"pl-PL"},{"@type":"WebPage","@id":"https:\/\/mpgk.zgorzelec.pl\/index.php\/2025\/12\/21\/przerwa-w-pracy-mpszok-do-7-01-2026\/","url":"https:\/\/mpgk.zgorzelec.pl\/index.php\/2025\/12\/21\/przerwa-w-pracy-mpszok-do-7-01-2026\/","name":"Przerwa w pracy mPSZOK do 06.01.2026 - Miejskie Przedsi\u0119biorstwo Gospodarki Komunalnej Sp. z o.o. w Zgorzelcu","isPartOf":{"@id":"https:\/\/mpgk.zgorzelec.pl\/#website"},"datePublished":"2025-12-21T18:51:00+00:00","dateModified":"2025-12-21T18:56:38+00:00","breadcrumb":{"@id":"https:\/\/mpgk.zgorzelec.pl\/index.php\/2025\/12\/21\/przerwa-w-pracy-mpszok-do-7-01-2026\/#breadcrumb"},"inLanguage":"pl-PL","potentialAction":[{"@type":"ReadAction","target":["https:\/\/mpgk.zgorzelec.pl\/index.php\/2025\/12\/21\/przerwa-w-pracy-mpszok-do-7-01-2026\/"]}]},{"@type":"BreadcrumbList","@id":"https:\/\/mpgk.zgorzelec.pl\/index.php\/2025\/12\/21\/przerwa-w-pracy-mpszok-do-7-01-2026\/#breadcrumb","itemListElement":[{"@type":"ListItem","position":1,"name":"Home","item":"https:\/\/mpgk.zgorzelec.pl\/"},{"@type":"ListItem","position":2,"name":"Przerwa w pracy mPSZOK do 06.01.2026"}]},{"@type":"WebSite","@id":"https:\/\/mpgk.zgorzelec.pl\/#website","url":"https:\/\/mpgk.zgorzelec.pl\/","name":"Miejskie Przedsi\u0119biorstwo Gospodarki Komunalnej Sp. z o.o. w Zgorzelcu","description":"MPGK Zgorzelec","publisher":{"@id":"https:\/\/mpgk.zgorzelec.pl\/#organization"},"potentialAction":[{"@type":"SearchAction","target":{"@type":"EntryPoint","urlTemplate":"https:\/\/mpgk.zgorzelec.pl\/?s={search_term_string}"},"query-input":"required name=search_term_string"}],"inLanguage":"pl-PL"},{"@type":"Organization","@id":"https:\/\/mpgk.zgorzelec.pl\/#organization","name":"Miejskie Przedsi\u0119biorstwo Gospodarki Komunalnej Sp. z o.o. w Zgorzelcu","url":"https:\/\/mpgk.zgorzelec.pl\/","logo":{"@type":"ImageObject","inLanguage":"pl-PL","@id":"https:\/\/mpgk.zgorzelec.pl\/#\/schema\/logo\/image\/","url":"https:\/\/mpgk.zgorzelec.pl\/wp-content\/uploads\/2022\/05\/cropped-Logo-e1653213732347.png","contentUrl":"https:\/\/mpgk.zgorzelec.pl\/wp-content\/uploads\/2022\/05\/cropped-Logo-e1653213732347.png","width":100,"height":63,"caption":"Miejskie Przedsi\u0119biorstwo Gospodarki Komunalnej Sp. z o.o. w Zgorzelcu"},"image":{"@id":"https:\/\/mpgk.zgorzelec.pl\/#\/schema\/logo\/image\/"}},{"@type":"Person","@id":"https:\/\/mpgk.zgorzelec.pl\/#\/schema\/person\/8801f8f33065afab42178262821010bc","name":"admin_mpgk","image":{"@type":"ImageObject","inLanguage":"pl-PL","@id":"https:\/\/mpgk.zgorzelec.pl\/#\/schema\/person\/image\/","url":"https:\/\/secure.gravatar.com\/avatar\/91668d69b43d2546084ed9ead65dd136?s=96&d=mm&r=g","contentUrl":"https:\/\/secure.gravatar.com\/avatar\/91668d69b43d2546084ed9ead65dd136?s=96&d=mm&r=g","caption":"admin_mpgk"},"sameAs":["http:\/\/mpgk1.home.pl\/autoinstalator\/wordpressplugins2"],"url":"https:\/\/mpgk.zgorzelec.pl\/index.php\/author\/admin-2\/"}]}},"_links":{"self":[{"href":"https:\/\/mpgk.zgorzelec.pl\/index.php\/wp-json\/wp\/v2\/posts\/2129","targetHints":{"allow":["GET"]}}],"collection":[{"href":"https:\/\/mpgk.zgorzelec.pl\/index.php\/wp-json\/wp\/v2\/posts"}],"about":[{"href":"https:\/\/mpgk.zgorzelec.pl\/index.php\/wp-json\/wp\/v2\/types\/post"}],"author":[{"embeddable":true,"href":"https:\/\/mpgk.zgorzelec.pl\/index.php\/wp-json\/wp\/v2\/users\/2"}],"replies":[{"embeddable":true,"href":"https:\/\/mpgk.zgorzelec.pl\/index.php\/wp-json\/wp\/v2\/comments?post=2129"}],"version-history":[{"count":4,"href":"https:\/\/mpgk.zgorzelec.pl\/index.php\/wp-json\/wp\/v2\/posts\/2129\/revisions"}],"predecessor-version":[{"id":2134,"href":"https:\/\/mpgk.zgorzelec.pl\/index.php\/wp-json\/wp\/v2\/posts\/2129\/revisions\/2134"}],"wp:featuredmedia":[{"embeddable":true,"href":"https:\/\/mpgk.zgorzelec.pl\/index.php\/wp-json\/wp\/v2\/media\/2130"}],"wp:attachment":[{"href":"https:\/\/mpgk.zgorzelec.pl\/index.php\/wp-json\/wp\/v2\/media?parent=2129"}],"wp:term":[{"taxonomy":"category","embeddable":true,"href":"https:\/\/mpgk.zgorzelec.pl\/index.php\/wp-json\/wp\/v2\/categories?post=2129"},{"taxonomy":"post_tag","embeddable":true,"href":"https:\/\/mpgk.zgorzelec.pl\/index.php\/wp-json\/wp\/v2\/tags?post=2129"}],"curies":[{"name":"wp","href":"https:\/\/api.w.org\/{rel}","templated":true}]}}