{"id":2071,"date":"2025-10-09T12:18:03","date_gmt":"2025-10-09T10:18:03","guid":{"rendered":"https:\/\/mpgk.zgorzelec.pl\/?p=2071"},"modified":"2025-10-09T12:31:54","modified_gmt":"2025-10-09T10:31:54","slug":"uwaga-tymczasowa-zmiana-funkcjonowania-pszok-w-jedrzychowicach-i-mpszok-w-zgorzelcu","status":"publish","type":"post","link":"https:\/\/mpgk.zgorzelec.pl\/index.php\/2025\/10\/09\/uwaga-tymczasowa-zmiana-funkcjonowania-pszok-w-jedrzychowicach-i-mpszok-w-zgorzelcu\/","title":{"rendered":"Tymczasowa zmiana funkcjonowania PSZOK w J\u0119drzychowicach i mPSZOK w Zgorzelcu"},"content":{"rendered":"\t\t<div data-elementor-type=\"wp-post\" data-elementor-id=\"2071\" class=\"elementor elementor-2071\">\n\t\t\t\t\t\t\t\t\t<section class=\"elementor-section elementor-top-section elementor-element elementor-element-76ffb14 elementor-section-boxed elementor-section-height-default elementor-section-height-default\" data-id=\"76ffb14\" data-element_type=\"section\">\n\t\t\t\t\t\t<div class=\"elementor-container elementor-column-gap-default\">\n\t\t\t\t\t<div class=\"elementor-column elementor-col-100 elementor-top-column elementor-element elementor-element-4421adc\" data-id=\"4421adc\" data-element_type=\"column\">\n\t\t\t<div class=\"elementor-widget-wrap elementor-element-populated\">\n\t\t\t\t\t\t\t\t<div class=\"elementor-element elementor-element-f7b88d8 elementor-widget elementor-widget-image\" data-id=\"f7b88d8\" data-element_type=\"widget\" data-widget_type=\"image.default\">\n\t\t\t\t<div class=\"elementor-widget-container\">\n\t\t\t<style>\/*! elementor - v3.15.0 - 09-08-2023 *\/\n.elementor-widget-image{text-align:center}.elementor-widget-image a{display:inline-block}.elementor-widget-image a img[src$=\".svg\"]{width:48px}.elementor-widget-image img{vertical-align:middle;display:inline-block}<\/style>\t\t\t\t\t\t\t\t\t\t\t\t<img loading=\"lazy\" decoding=\"async\" width=\"750\" height=\"390\" src=\"https:\/\/mpgk.zgorzelec.pl\/wp-content\/uploads\/2025\/10\/zmiana_pszok_tymczas_2025-1024x533.jpg\" class=\"attachment-large size-large wp-image-2073\" alt=\"\" srcset=\"https:\/\/mpgk.zgorzelec.pl\/wp-content\/uploads\/2025\/10\/zmiana_pszok_tymczas_2025-1024x533.jpg 1024w, https:\/\/mpgk.zgorzelec.pl\/wp-content\/uploads\/2025\/10\/zmiana_pszok_tymczas_2025-300x156.jpg 300w, https:\/\/mpgk.zgorzelec.pl\/wp-content\/uploads\/2025\/10\/zmiana_pszok_tymczas_2025-768x400.jpg 768w, https:\/\/mpgk.zgorzelec.pl\/wp-content\/uploads\/2025\/10\/zmiana_pszok_tymczas_2025.jpg 1026w\" sizes=\"auto, (max-width: 750px) 100vw, 750px\" \/>\t\t\t\t\t\t\t\t\t\t\t\t\t\t\t<\/div>\n\t\t\t\t<\/div>\n\t\t\t\t\t<\/div>\n\t\t<\/div>\n\t\t\t\t\t\t\t<\/div>\n\t\t<\/section>\n\t\t\t\t<section class=\"elementor-section elementor-top-section elementor-element elementor-element-4b5f5ba elementor-section-boxed elementor-section-height-default elementor-section-height-default\" data-id=\"4b5f5ba\" data-element_type=\"section\">\n\t\t\t\t\t\t<div class=\"elementor-container elementor-column-gap-default\">\n\t\t\t\t\t<div class=\"elementor-column elementor-col-100 elementor-top-column elementor-element elementor-element-02d4f7d\" data-id=\"02d4f7d\" data-element_type=\"column\">\n\t\t\t<div class=\"elementor-widget-wrap elementor-element-populated\">\n\t\t\t\t\t\t\t\t<div class=\"elementor-element elementor-element-6dc44f3 elementor-widget elementor-widget-text-editor\" data-id=\"6dc44f3\" data-element_type=\"widget\" data-widget_type=\"text-editor.default\">\n\t\t\t\t<div class=\"elementor-widget-container\">\n\t\t\t<style>\/*! elementor - v3.15.0 - 09-08-2023 *\/\n.elementor-widget-text-editor.elementor-drop-cap-view-stacked .elementor-drop-cap{background-color:#69727d;color:#fff}.elementor-widget-text-editor.elementor-drop-cap-view-framed .elementor-drop-cap{color:#69727d;border:3px solid;background-color:transparent}.elementor-widget-text-editor:not(.elementor-drop-cap-view-default) .elementor-drop-cap{margin-top:8px}.elementor-widget-text-editor:not(.elementor-drop-cap-view-default) .elementor-drop-cap-letter{width:1em;height:1em}.elementor-widget-text-editor .elementor-drop-cap{float:left;text-align:center;line-height:1;font-size:50px}.elementor-widget-text-editor .elementor-drop-cap-letter{display:inline-block}<\/style>\t\t\t\t<p><strong>Informujemy, \u017ce od poniedzia\u0142ku 13 pa\u017adziernika 2025 tymczasowo ulegnie zmiana funkcjonowania Punkt\u00f3w Selektywnej Zbi\u00f3rki Odpad\u00f3w Komunalnych w J\u0119drzychowicach i Zgorzelcu.<\/strong><\/p><ul><li><strong>PSZOK w J\u0119drzychowicach<\/strong> b\u0119dzie <span style=\"text-decoration: underline;\">nieczynny<\/span> do odwo\u0142ania<\/li><\/ul><ul><li><strong>mPSZOK w Zgorzelcu<\/strong> b\u0119dzie czynny od wtorku do pi\u0105tku w godzinach 9:00 \u2013 17:00 oraz w soboty w godzinach 10:00 -14:00.<\/li><\/ul><p>Prosimy o uwzgl\u0119dnienie informacji przy planowaniu dostarczenia odpad\u00f3w do PSZOK.<\/p><p>W razie pyta\u0144 prosimy o kontakt z Dzia\u0142em Utylizacji Odpad\u00f3w Komunalnych w J\u0119drzychowicach: tel. +48 75 77 82\u00a0144, e-mail: skladowisko@mpgk.zgorzelec.pl<\/p>\t\t\t\t\t\t<\/div>\n\t\t\t\t<\/div>\n\t\t\t\t\t<\/div>\n\t\t<\/div>\n\t\t\t\t\t\t\t<\/div>\n\t\t<\/section>\n\t\t\t\t\t\t\t<\/div>\n\t\t","protected":false},"excerpt":{"rendered":"<p>Informujemy, \u017ce od poniedzia\u0142ku 13 pa\u017adziernika 2025 tymczasowo ulegnie zmiana funkcjonowania Punkt\u00f3w Selektywnej Zbi\u00f3rki Odpad\u00f3w Komunalnych w J\u0119drzychowicach i Zgorzelcu. PSZOK w J\u0119drzychowicach b\u0119dzie nieczynny do odwo\u0142ania mPSZOK w Zgorzelcu b\u0119dzie czynny od wtorku do pi\u0105tku w godzinach 9:00 \u2013<\/p>\n","protected":false},"author":2,"featured_media":2073,"comment_status":"closed","ping_status":"open","sticky":false,"template":"","format":"standard","meta":{"footnotes":""},"categories":[5],"tags":[],"class_list":["post-2071","post","type-post","status-publish","format-standard","has-post-thumbnail","hentry","category-aktualnosci"],"yoast_head":"<!-- This site is optimized with the Yoast SEO plugin v20.13 - https:\/\/yoast.com\/wordpress\/plugins\/seo\/ -->\n<title>Tymczasowa zmiana funkcjonowania PSZOK w J\u0119drzychowicach i mPSZOK w Zgorzelcu - Miejskie Przedsi\u0119biorstwo Gospodarki Komunalnej Sp. z o.o. w Zgorzelcu<\/title>\n<meta name=\"robots\" content=\"index, follow, max-snippet:-1, max-image-preview:large, max-video-preview:-1\" \/>\n<link rel=\"canonical\" href=\"https:\/\/mpgk.zgorzelec.pl\/index.php\/2025\/10\/09\/uwaga-tymczasowa-zmiana-funkcjonowania-pszok-w-jedrzychowicach-i-mpszok-w-zgorzelcu\/\" \/>\n<meta property=\"og:locale\" content=\"pl_PL\" \/>\n<meta property=\"og:type\" content=\"article\" \/>\n<meta property=\"og:title\" content=\"Tymczasowa zmiana funkcjonowania PSZOK w J\u0119drzychowicach i mPSZOK w Zgorzelcu - Miejskie Przedsi\u0119biorstwo Gospodarki Komunalnej Sp. z o.o. w Zgorzelcu\" \/>\n<meta property=\"og:description\" content=\"Informujemy, \u017ce od poniedzia\u0142ku 13 pa\u017adziernika 2025 tymczasowo ulegnie zmiana funkcjonowania Punkt\u00f3w Selektywnej Zbi\u00f3rki Odpad\u00f3w Komunalnych w J\u0119drzychowicach i Zgorzelcu. PSZOK w J\u0119drzychowicach b\u0119dzie nieczynny do odwo\u0142ania mPSZOK w Zgorzelcu b\u0119dzie czynny od wtorku do pi\u0105tku w godzinach 9:00 \u2013\" \/>\n<meta property=\"og:url\" content=\"https:\/\/mpgk.zgorzelec.pl\/index.php\/2025\/10\/09\/uwaga-tymczasowa-zmiana-funkcjonowania-pszok-w-jedrzychowicach-i-mpszok-w-zgorzelcu\/\" \/>\n<meta property=\"og:site_name\" content=\"Miejskie Przedsi\u0119biorstwo Gospodarki Komunalnej Sp. z o.o. w Zgorzelcu\" \/>\n<meta property=\"article:published_time\" content=\"2025-10-09T10:18:03+00:00\" \/>\n<meta property=\"article:modified_time\" content=\"2025-10-09T10:31:54+00:00\" \/>\n<meta property=\"og:image\" content=\"https:\/\/mpgk.zgorzelec.pl\/wp-content\/uploads\/2025\/10\/zmiana_pszok_tymczas_2025.jpg\" \/>\n\t<meta property=\"og:image:width\" content=\"1026\" \/>\n\t<meta property=\"og:image:height\" content=\"534\" \/>\n\t<meta property=\"og:image:type\" content=\"image\/jpeg\" \/>\n<meta name=\"author\" content=\"admin_mpgk\" \/>\n<meta name=\"twitter:card\" content=\"summary_large_image\" \/>\n<meta name=\"twitter:label1\" content=\"Napisane przez\" \/>\n\t<meta name=\"twitter:data1\" content=\"admin_mpgk\" \/>\n\t<meta name=\"twitter:label2\" content=\"Szacowany czas czytania\" \/>\n\t<meta name=\"twitter:data2\" content=\"1 minuta\" \/>\n<script type=\"application\/ld+json\" class=\"yoast-schema-graph\">{\"@context\":\"https:\/\/schema.org\",\"@graph\":[{\"@type\":\"Article\",\"@id\":\"https:\/\/mpgk.zgorzelec.pl\/index.php\/2025\/10\/09\/uwaga-tymczasowa-zmiana-funkcjonowania-pszok-w-jedrzychowicach-i-mpszok-w-zgorzelcu\/#article\",\"isPartOf\":{\"@id\":\"https:\/\/mpgk.zgorzelec.pl\/index.php\/2025\/10\/09\/uwaga-tymczasowa-zmiana-funkcjonowania-pszok-w-jedrzychowicach-i-mpszok-w-zgorzelcu\/\"},\"author\":{\"name\":\"admin_mpgk\",\"@id\":\"https:\/\/mpgk.zgorzelec.pl\/#\/schema\/person\/8801f8f33065afab42178262821010bc\"},\"headline\":\"Tymczasowa zmiana funkcjonowania PSZOK w J\u0119drzychowicach i mPSZOK w Zgorzelcu\",\"datePublished\":\"2025-10-09T10:18:03+00:00\",\"dateModified\":\"2025-10-09T10:31:54+00:00\",\"mainEntityOfPage\":{\"@id\":\"https:\/\/mpgk.zgorzelec.pl\/index.php\/2025\/10\/09\/uwaga-tymczasowa-zmiana-funkcjonowania-pszok-w-jedrzychowicach-i-mpszok-w-zgorzelcu\/\"},\"wordCount\":98,\"publisher\":{\"@id\":\"https:\/\/mpgk.zgorzelec.pl\/#organization\"},\"articleSection\":[\"Aktualno\u015bci\"],\"inLanguage\":\"pl-PL\"},{\"@type\":\"WebPage\",\"@id\":\"https:\/\/mpgk.zgorzelec.pl\/index.php\/2025\/10\/09\/uwaga-tymczasowa-zmiana-funkcjonowania-pszok-w-jedrzychowicach-i-mpszok-w-zgorzelcu\/\",\"url\":\"https:\/\/mpgk.zgorzelec.pl\/index.php\/2025\/10\/09\/uwaga-tymczasowa-zmiana-funkcjonowania-pszok-w-jedrzychowicach-i-mpszok-w-zgorzelcu\/\",\"name\":\"Tymczasowa zmiana funkcjonowania PSZOK w J\u0119drzychowicach i mPSZOK w Zgorzelcu - Miejskie Przedsi\u0119biorstwo Gospodarki Komunalnej Sp. z o.o. w Zgorzelcu\",\"isPartOf\":{\"@id\":\"https:\/\/mpgk.zgorzelec.pl\/#website\"},\"datePublished\":\"2025-10-09T10:18:03+00:00\",\"dateModified\":\"2025-10-09T10:31:54+00:00\",\"breadcrumb\":{\"@id\":\"https:\/\/mpgk.zgorzelec.pl\/index.php\/2025\/10\/09\/uwaga-tymczasowa-zmiana-funkcjonowania-pszok-w-jedrzychowicach-i-mpszok-w-zgorzelcu\/#breadcrumb\"},\"inLanguage\":\"pl-PL\",\"potentialAction\":[{\"@type\":\"ReadAction\",\"target\":[\"https:\/\/mpgk.zgorzelec.pl\/index.php\/2025\/10\/09\/uwaga-tymczasowa-zmiana-funkcjonowania-pszok-w-jedrzychowicach-i-mpszok-w-zgorzelcu\/\"]}]},{\"@type\":\"BreadcrumbList\",\"@id\":\"https:\/\/mpgk.zgorzelec.pl\/index.php\/2025\/10\/09\/uwaga-tymczasowa-zmiana-funkcjonowania-pszok-w-jedrzychowicach-i-mpszok-w-zgorzelcu\/#breadcrumb\",\"itemListElement\":[{\"@type\":\"ListItem\",\"position\":1,\"name\":\"Home\",\"item\":\"https:\/\/mpgk.zgorzelec.pl\/\"},{\"@type\":\"ListItem\",\"position\":2,\"name\":\"Tymczasowa zmiana funkcjonowania PSZOK w J\u0119drzychowicach i mPSZOK w Zgorzelcu\"}]},{\"@type\":\"WebSite\",\"@id\":\"https:\/\/mpgk.zgorzelec.pl\/#website\",\"url\":\"https:\/\/mpgk.zgorzelec.pl\/\",\"name\":\"Miejskie Przedsi\u0119biorstwo Gospodarki Komunalnej Sp. z o.o. w Zgorzelcu\",\"description\":\"MPGK Zgorzelec\",\"publisher\":{\"@id\":\"https:\/\/mpgk.zgorzelec.pl\/#organization\"},\"potentialAction\":[{\"@type\":\"SearchAction\",\"target\":{\"@type\":\"EntryPoint\",\"urlTemplate\":\"https:\/\/mpgk.zgorzelec.pl\/?s={search_term_string}\"},\"query-input\":\"required name=search_term_string\"}],\"inLanguage\":\"pl-PL\"},{\"@type\":\"Organization\",\"@id\":\"https:\/\/mpgk.zgorzelec.pl\/#organization\",\"name\":\"Miejskie Przedsi\u0119biorstwo Gospodarki Komunalnej Sp. z o.o. w Zgorzelcu\",\"url\":\"https:\/\/mpgk.zgorzelec.pl\/\",\"logo\":{\"@type\":\"ImageObject\",\"inLanguage\":\"pl-PL\",\"@id\":\"https:\/\/mpgk.zgorzelec.pl\/#\/schema\/logo\/image\/\",\"url\":\"https:\/\/mpgk.zgorzelec.pl\/wp-content\/uploads\/2022\/05\/cropped-Logo-e1653213732347.png\",\"contentUrl\":\"https:\/\/mpgk.zgorzelec.pl\/wp-content\/uploads\/2022\/05\/cropped-Logo-e1653213732347.png\",\"width\":100,\"height\":63,\"caption\":\"Miejskie Przedsi\u0119biorstwo Gospodarki Komunalnej Sp. z o.o. w Zgorzelcu\"},\"image\":{\"@id\":\"https:\/\/mpgk.zgorzelec.pl\/#\/schema\/logo\/image\/\"}},{\"@type\":\"Person\",\"@id\":\"https:\/\/mpgk.zgorzelec.pl\/#\/schema\/person\/8801f8f33065afab42178262821010bc\",\"name\":\"admin_mpgk\",\"image\":{\"@type\":\"ImageObject\",\"inLanguage\":\"pl-PL\",\"@id\":\"https:\/\/mpgk.zgorzelec.pl\/#\/schema\/person\/image\/\",\"url\":\"https:\/\/secure.gravatar.com\/avatar\/91668d69b43d2546084ed9ead65dd136?s=96&d=mm&r=g\",\"contentUrl\":\"https:\/\/secure.gravatar.com\/avatar\/91668d69b43d2546084ed9ead65dd136?s=96&d=mm&r=g\",\"caption\":\"admin_mpgk\"},\"sameAs\":[\"http:\/\/mpgk1.home.pl\/autoinstalator\/wordpressplugins2\"],\"url\":\"https:\/\/mpgk.zgorzelec.pl\/index.php\/author\/admin-2\/\"}]}<\/script>\n<!-- \/ Yoast SEO plugin. -->","yoast_head_json":{"title":"Tymczasowa zmiana funkcjonowania PSZOK w J\u0119drzychowicach i mPSZOK w Zgorzelcu - Miejskie Przedsi\u0119biorstwo Gospodarki Komunalnej Sp. z o.o. w Zgorzelcu","robots":{"index":"index","follow":"follow","max-snippet":"max-snippet:-1","max-image-preview":"max-image-preview:large","max-video-preview":"max-video-preview:-1"},"canonical":"https:\/\/mpgk.zgorzelec.pl\/index.php\/2025\/10\/09\/uwaga-tymczasowa-zmiana-funkcjonowania-pszok-w-jedrzychowicach-i-mpszok-w-zgorzelcu\/","og_locale":"pl_PL","og_type":"article","og_title":"Tymczasowa zmiana funkcjonowania PSZOK w J\u0119drzychowicach i mPSZOK w Zgorzelcu - Miejskie Przedsi\u0119biorstwo Gospodarki Komunalnej Sp. z o.o. w Zgorzelcu","og_description":"Informujemy, \u017ce od poniedzia\u0142ku 13 pa\u017adziernika 2025 tymczasowo ulegnie zmiana funkcjonowania Punkt\u00f3w Selektywnej Zbi\u00f3rki Odpad\u00f3w Komunalnych w J\u0119drzychowicach i Zgorzelcu. PSZOK w J\u0119drzychowicach b\u0119dzie nieczynny do odwo\u0142ania mPSZOK w Zgorzelcu b\u0119dzie czynny od wtorku do pi\u0105tku w godzinach 9:00 \u2013","og_url":"https:\/\/mpgk.zgorzelec.pl\/index.php\/2025\/10\/09\/uwaga-tymczasowa-zmiana-funkcjonowania-pszok-w-jedrzychowicach-i-mpszok-w-zgorzelcu\/","og_site_name":"Miejskie Przedsi\u0119biorstwo Gospodarki Komunalnej Sp. z o.o. w Zgorzelcu","article_published_time":"2025-10-09T10:18:03+00:00","article_modified_time":"2025-10-09T10:31:54+00:00","og_image":[{"width":1026,"height":534,"url":"https:\/\/mpgk.zgorzelec.pl\/wp-content\/uploads\/2025\/10\/zmiana_pszok_tymczas_2025.jpg","type":"image\/jpeg"}],"author":"admin_mpgk","twitter_card":"summary_large_image","twitter_misc":{"Napisane przez":"admin_mpgk","Szacowany czas czytania":"1 minuta"},"schema":{"@context":"https:\/\/schema.org","@graph":[{"@type":"Article","@id":"https:\/\/mpgk.zgorzelec.pl\/index.php\/2025\/10\/09\/uwaga-tymczasowa-zmiana-funkcjonowania-pszok-w-jedrzychowicach-i-mpszok-w-zgorzelcu\/#article","isPartOf":{"@id":"https:\/\/mpgk.zgorzelec.pl\/index.php\/2025\/10\/09\/uwaga-tymczasowa-zmiana-funkcjonowania-pszok-w-jedrzychowicach-i-mpszok-w-zgorzelcu\/"},"author":{"name":"admin_mpgk","@id":"https:\/\/mpgk.zgorzelec.pl\/#\/schema\/person\/8801f8f33065afab42178262821010bc"},"headline":"Tymczasowa zmiana funkcjonowania PSZOK w J\u0119drzychowicach i mPSZOK w Zgorzelcu","datePublished":"2025-10-09T10:18:03+00:00","dateModified":"2025-10-09T10:31:54+00:00","mainEntityOfPage":{"@id":"https:\/\/mpgk.zgorzelec.pl\/index.php\/2025\/10\/09\/uwaga-tymczasowa-zmiana-funkcjonowania-pszok-w-jedrzychowicach-i-mpszok-w-zgorzelcu\/"},"wordCount":98,"publisher":{"@id":"https:\/\/mpgk.zgorzelec.pl\/#organization"},"articleSection":["Aktualno\u015bci"],"inLanguage":"pl-PL"},{"@type":"WebPage","@id":"https:\/\/mpgk.zgorzelec.pl\/index.php\/2025\/10\/09\/uwaga-tymczasowa-zmiana-funkcjonowania-pszok-w-jedrzychowicach-i-mpszok-w-zgorzelcu\/","url":"https:\/\/mpgk.zgorzelec.pl\/index.php\/2025\/10\/09\/uwaga-tymczasowa-zmiana-funkcjonowania-pszok-w-jedrzychowicach-i-mpszok-w-zgorzelcu\/","name":"Tymczasowa zmiana funkcjonowania PSZOK w J\u0119drzychowicach i mPSZOK w Zgorzelcu - Miejskie Przedsi\u0119biorstwo Gospodarki Komunalnej Sp. z o.o. w Zgorzelcu","isPartOf":{"@id":"https:\/\/mpgk.zgorzelec.pl\/#website"},"datePublished":"2025-10-09T10:18:03+00:00","dateModified":"2025-10-09T10:31:54+00:00","breadcrumb":{"@id":"https:\/\/mpgk.zgorzelec.pl\/index.php\/2025\/10\/09\/uwaga-tymczasowa-zmiana-funkcjonowania-pszok-w-jedrzychowicach-i-mpszok-w-zgorzelcu\/#breadcrumb"},"inLanguage":"pl-PL","potentialAction":[{"@type":"ReadAction","target":["https:\/\/mpgk.zgorzelec.pl\/index.php\/2025\/10\/09\/uwaga-tymczasowa-zmiana-funkcjonowania-pszok-w-jedrzychowicach-i-mpszok-w-zgorzelcu\/"]}]},{"@type":"BreadcrumbList","@id":"https:\/\/mpgk.zgorzelec.pl\/index.php\/2025\/10\/09\/uwaga-tymczasowa-zmiana-funkcjonowania-pszok-w-jedrzychowicach-i-mpszok-w-zgorzelcu\/#breadcrumb","itemListElement":[{"@type":"ListItem","position":1,"name":"Home","item":"https:\/\/mpgk.zgorzelec.pl\/"},{"@type":"ListItem","position":2,"name":"Tymczasowa zmiana funkcjonowania PSZOK w J\u0119drzychowicach i mPSZOK w Zgorzelcu"}]},{"@type":"WebSite","@id":"https:\/\/mpgk.zgorzelec.pl\/#website","url":"https:\/\/mpgk.zgorzelec.pl\/","name":"Miejskie Przedsi\u0119biorstwo Gospodarki Komunalnej Sp. z o.o. w Zgorzelcu","description":"MPGK Zgorzelec","publisher":{"@id":"https:\/\/mpgk.zgorzelec.pl\/#organization"},"potentialAction":[{"@type":"SearchAction","target":{"@type":"EntryPoint","urlTemplate":"https:\/\/mpgk.zgorzelec.pl\/?s={search_term_string}"},"query-input":"required name=search_term_string"}],"inLanguage":"pl-PL"},{"@type":"Organization","@id":"https:\/\/mpgk.zgorzelec.pl\/#organization","name":"Miejskie Przedsi\u0119biorstwo Gospodarki Komunalnej Sp. z o.o. w Zgorzelcu","url":"https:\/\/mpgk.zgorzelec.pl\/","logo":{"@type":"ImageObject","inLanguage":"pl-PL","@id":"https:\/\/mpgk.zgorzelec.pl\/#\/schema\/logo\/image\/","url":"https:\/\/mpgk.zgorzelec.pl\/wp-content\/uploads\/2022\/05\/cropped-Logo-e1653213732347.png","contentUrl":"https:\/\/mpgk.zgorzelec.pl\/wp-content\/uploads\/2022\/05\/cropped-Logo-e1653213732347.png","width":100,"height":63,"caption":"Miejskie Przedsi\u0119biorstwo Gospodarki Komunalnej Sp. z o.o. w Zgorzelcu"},"image":{"@id":"https:\/\/mpgk.zgorzelec.pl\/#\/schema\/logo\/image\/"}},{"@type":"Person","@id":"https:\/\/mpgk.zgorzelec.pl\/#\/schema\/person\/8801f8f33065afab42178262821010bc","name":"admin_mpgk","image":{"@type":"ImageObject","inLanguage":"pl-PL","@id":"https:\/\/mpgk.zgorzelec.pl\/#\/schema\/person\/image\/","url":"https:\/\/secure.gravatar.com\/avatar\/91668d69b43d2546084ed9ead65dd136?s=96&d=mm&r=g","contentUrl":"https:\/\/secure.gravatar.com\/avatar\/91668d69b43d2546084ed9ead65dd136?s=96&d=mm&r=g","caption":"admin_mpgk"},"sameAs":["http:\/\/mpgk1.home.pl\/autoinstalator\/wordpressplugins2"],"url":"https:\/\/mpgk.zgorzelec.pl\/index.php\/author\/admin-2\/"}]}},"_links":{"self":[{"href":"https:\/\/mpgk.zgorzelec.pl\/index.php\/wp-json\/wp\/v2\/posts\/2071","targetHints":{"allow":["GET"]}}],"collection":[{"href":"https:\/\/mpgk.zgorzelec.pl\/index.php\/wp-json\/wp\/v2\/posts"}],"about":[{"href":"https:\/\/mpgk.zgorzelec.pl\/index.php\/wp-json\/wp\/v2\/types\/post"}],"author":[{"embeddable":true,"href":"https:\/\/mpgk.zgorzelec.pl\/index.php\/wp-json\/wp\/v2\/users\/2"}],"replies":[{"embeddable":true,"href":"https:\/\/mpgk.zgorzelec.pl\/index.php\/wp-json\/wp\/v2\/comments?post=2071"}],"version-history":[{"count":14,"href":"https:\/\/mpgk.zgorzelec.pl\/index.php\/wp-json\/wp\/v2\/posts\/2071\/revisions"}],"predecessor-version":[{"id":2093,"href":"https:\/\/mpgk.zgorzelec.pl\/index.php\/wp-json\/wp\/v2\/posts\/2071\/revisions\/2093"}],"wp:featuredmedia":[{"embeddable":true,"href":"https:\/\/mpgk.zgorzelec.pl\/index.php\/wp-json\/wp\/v2\/media\/2073"}],"wp:attachment":[{"href":"https:\/\/mpgk.zgorzelec.pl\/index.php\/wp-json\/wp\/v2\/media?parent=2071"}],"wp:term":[{"taxonomy":"category","embeddable":true,"href":"https:\/\/mpgk.zgorzelec.pl\/index.php\/wp-json\/wp\/v2\/categories?post=2071"},{"taxonomy":"post_tag","embeddable":true,"href":"https:\/\/mpgk.zgorzelec.pl\/index.php\/wp-json\/wp\/v2\/tags?post=2071"}],"curies":[{"name":"wp","href":"https:\/\/api.w.org\/{rel}","templated":true}]}}