{"id":1961,"date":"2025-07-14T18:18:28","date_gmt":"2025-07-14T16:18:28","guid":{"rendered":"https:\/\/mpgk.zgorzelec.pl\/?p=1961"},"modified":"2025-07-14T18:20:59","modified_gmt":"2025-07-14T16:20:59","slug":"elektryczna-smieciarka-w-mpgk","status":"publish","type":"post","link":"https:\/\/mpgk.zgorzelec.pl\/index.php\/2025\/07\/14\/elektryczna-smieciarka-w-mpgk\/","title":{"rendered":"Elektryczna \u015bmieciarka w MPGK"},"content":{"rendered":"\t\t<div data-elementor-type=\"wp-post\" data-elementor-id=\"1961\" class=\"elementor elementor-1961\">\n\t\t\t\t\t\t\t\t\t<section class=\"elementor-section elementor-top-section elementor-element elementor-element-31040e3 elementor-section-boxed elementor-section-height-default elementor-section-height-default\" data-id=\"31040e3\" data-element_type=\"section\">\n\t\t\t\t\t\t<div class=\"elementor-container elementor-column-gap-default\">\n\t\t\t\t\t<div class=\"elementor-column elementor-col-100 elementor-top-column elementor-element elementor-element-232e19d\" data-id=\"232e19d\" data-element_type=\"column\">\n\t\t\t<div class=\"elementor-widget-wrap elementor-element-populated\">\n\t\t\t\t\t\t\t\t<div class=\"elementor-element elementor-element-4d7a5bc elementor-widget elementor-widget-image\" data-id=\"4d7a5bc\" data-element_type=\"widget\" data-widget_type=\"image.default\">\n\t\t\t\t<div class=\"elementor-widget-container\">\n\t\t\t<style>\/*! elementor - v3.15.0 - 09-08-2023 *\/\n.elementor-widget-image{text-align:center}.elementor-widget-image a{display:inline-block}.elementor-widget-image a img[src$=\".svg\"]{width:48px}.elementor-widget-image img{vertical-align:middle;display:inline-block}<\/style>\t\t\t\t\t\t\t\t\t\t\t\t<img loading=\"lazy\" decoding=\"async\" width=\"750\" height=\"423\" src=\"https:\/\/mpgk.zgorzelec.pl\/wp-content\/uploads\/2025\/07\/20250714_091614-1024x577.jpg\" class=\"attachment-large size-large wp-image-1963\" alt=\"\" srcset=\"https:\/\/mpgk.zgorzelec.pl\/wp-content\/uploads\/2025\/07\/20250714_091614-1024x577.jpg 1024w, https:\/\/mpgk.zgorzelec.pl\/wp-content\/uploads\/2025\/07\/20250714_091614-300x169.jpg 300w, https:\/\/mpgk.zgorzelec.pl\/wp-content\/uploads\/2025\/07\/20250714_091614-768x432.jpg 768w, https:\/\/mpgk.zgorzelec.pl\/wp-content\/uploads\/2025\/07\/20250714_091614-1536x865.jpg 1536w, https:\/\/mpgk.zgorzelec.pl\/wp-content\/uploads\/2025\/07\/20250714_091614-2048x1153.jpg 2048w\" sizes=\"auto, (max-width: 750px) 100vw, 750px\" \/>\t\t\t\t\t\t\t\t\t\t\t\t\t\t\t<\/div>\n\t\t\t\t<\/div>\n\t\t\t\t\t<\/div>\n\t\t<\/div>\n\t\t\t\t\t\t\t<\/div>\n\t\t<\/section>\n\t\t\t\t<section class=\"elementor-section elementor-top-section elementor-element elementor-element-52e3eea elementor-section-boxed elementor-section-height-default elementor-section-height-default\" data-id=\"52e3eea\" data-element_type=\"section\">\n\t\t\t\t\t\t<div class=\"elementor-container elementor-column-gap-default\">\n\t\t\t\t\t<div class=\"elementor-column elementor-col-100 elementor-top-column elementor-element elementor-element-d228f1b\" data-id=\"d228f1b\" data-element_type=\"column\">\n\t\t\t<div class=\"elementor-widget-wrap elementor-element-populated\">\n\t\t\t\t\t\t\t\t<div class=\"elementor-element elementor-element-b299f21 elementor-widget elementor-widget-text-editor\" data-id=\"b299f21\" data-element_type=\"widget\" data-widget_type=\"text-editor.default\">\n\t\t\t\t<div class=\"elementor-widget-container\">\n\t\t\t<style>\/*! elementor - v3.15.0 - 09-08-2023 *\/\n.elementor-widget-text-editor.elementor-drop-cap-view-stacked .elementor-drop-cap{background-color:#69727d;color:#fff}.elementor-widget-text-editor.elementor-drop-cap-view-framed .elementor-drop-cap{color:#69727d;border:3px solid;background-color:transparent}.elementor-widget-text-editor:not(.elementor-drop-cap-view-default) .elementor-drop-cap{margin-top:8px}.elementor-widget-text-editor:not(.elementor-drop-cap-view-default) .elementor-drop-cap-letter{width:1em;height:1em}.elementor-widget-text-editor .elementor-drop-cap{float:left;text-align:center;line-height:1;font-size:50px}.elementor-widget-text-editor .elementor-drop-cap-letter{display:inline-block}<\/style>\t\t\t\t<p class=\"MsoNormal\"><strong>Od kilku dni na ulicach Zgorzelca mo\u017cemy dostrzec now\u0105 \u015bmieciark\u0119. Do floty MPGK w Zgorzelcu do\u0142\u0105czy\u0142a pierwsza \u015bmieciarka elektryczna. To ju\u017c kolejny pojazd, kt\u00f3ry wzmacnia nasz\u0105 zdolno\u015b\u0107 do efektywnej gospodarki odpadami.<\/strong><\/p><p class=\"MsoNormal\">Zakupiona elektryczna \u015bmieciarka to trzyosiowy Renault Trucks D Wide E-Tech z zabudow\u0105 firmy Terberg Ros Roca o obj\u0119to\u015bci roboczej 21,4 m3. Ten niezwykle cichy, \u00a0trzyosiowy pojazd z podwy\u017cszon\u0105 DMC do 27 ton zosta\u0142 wyposa\u017cony m.in. w cztery pakiety baterii litowo-jonowych o \u0142\u0105cznej pojemno\u015bci 265 kWh, kt\u00f3re umo\u017cliwiaj\u0105 ca\u0142odzienn\u0105 prac\u0119 bez konieczno\u015bci dodatkowego do\u0142adowywania. Dwa synchroniczne silniki elektryczne generuj\u0105 moc 370 kW i \u00a0moment obrotowy 850 Nm.<\/p><p class=\"MsoNormal\">Pojazdy elektryczne stanowi\u0105 element d\u0105\u017ce\u0144 do zr\u00f3wnowa\u017conego rozwoju i ograniczania emisji zanieczyszcze\u0144 w miastach. Zgodnie z wymogami ustawy o elektromobilno\u015bci i paliwach alternatywnych jednostki samorz\u0105du terytorialnego zobowi\u0105zane s\u0105 do realizacji zada\u0144 publicznych z wykorzystaniem pojazd\u00f3w zeroemisyjnych.\u00a0<\/p>\t\t\t\t\t\t<\/div>\n\t\t\t\t<\/div>\n\t\t\t\t\t<\/div>\n\t\t<\/div>\n\t\t\t\t\t\t\t<\/div>\n\t\t<\/section>\n\t\t\t\t<section class=\"elementor-section elementor-top-section elementor-element elementor-element-8c8a56b elementor-section-boxed elementor-section-height-default elementor-section-height-default\" data-id=\"8c8a56b\" data-element_type=\"section\">\n\t\t\t\t\t\t<div class=\"elementor-container elementor-column-gap-default\">\n\t\t\t\t\t<div class=\"elementor-column elementor-col-100 elementor-top-column elementor-element elementor-element-36f12ba\" data-id=\"36f12ba\" data-element_type=\"column\">\n\t\t\t<div class=\"elementor-widget-wrap elementor-element-populated\">\n\t\t\t\t\t\t\t\t<div class=\"elementor-element elementor-element-ef921d8 elementor-widget elementor-widget-image-gallery\" data-id=\"ef921d8\" data-element_type=\"widget\" data-widget_type=\"image-gallery.default\">\n\t\t\t\t<div class=\"elementor-widget-container\">\n\t\t\t<style>\/*! elementor - v3.15.0 - 09-08-2023 *\/\n.elementor-image-gallery .gallery-item{display:inline-block;text-align:center;vertical-align:top;width:100%;max-width:100%;margin:0 auto}.elementor-image-gallery .gallery-item img{margin:0 auto}.elementor-image-gallery .gallery-item .gallery-caption{margin:0}.elementor-image-gallery figure img{display:block}.elementor-image-gallery figure figcaption{width:100%}.gallery-spacing-custom .elementor-image-gallery .gallery-icon{padding:0}@media (min-width:768px){.elementor-image-gallery .gallery-columns-2 .gallery-item{max-width:50%}.elementor-image-gallery .gallery-columns-3 .gallery-item{max-width:33.33%}.elementor-image-gallery .gallery-columns-4 .gallery-item{max-width:25%}.elementor-image-gallery .gallery-columns-5 .gallery-item{max-width:20%}.elementor-image-gallery .gallery-columns-6 .gallery-item{max-width:16.666%}.elementor-image-gallery .gallery-columns-7 .gallery-item{max-width:14.28%}.elementor-image-gallery .gallery-columns-8 .gallery-item{max-width:12.5%}.elementor-image-gallery .gallery-columns-9 .gallery-item{max-width:11.11%}.elementor-image-gallery .gallery-columns-10 .gallery-item{max-width:10%}}@media (min-width:480px) and (max-width:767px){.elementor-image-gallery .gallery.gallery-columns-2 .gallery-item,.elementor-image-gallery .gallery.gallery-columns-3 .gallery-item,.elementor-image-gallery .gallery.gallery-columns-4 .gallery-item,.elementor-image-gallery .gallery.gallery-columns-5 .gallery-item,.elementor-image-gallery .gallery.gallery-columns-6 .gallery-item,.elementor-image-gallery .gallery.gallery-columns-7 .gallery-item,.elementor-image-gallery .gallery.gallery-columns-8 .gallery-item,.elementor-image-gallery .gallery.gallery-columns-9 .gallery-item,.elementor-image-gallery .gallery.gallery-columns-10 .gallery-item{max-width:50%}}@media (max-width:479px){.elementor-image-gallery .gallery.gallery-columns-2 .gallery-item,.elementor-image-gallery .gallery.gallery-columns-3 .gallery-item,.elementor-image-gallery .gallery.gallery-columns-4 .gallery-item,.elementor-image-gallery .gallery.gallery-columns-5 .gallery-item,.elementor-image-gallery .gallery.gallery-columns-6 .gallery-item,.elementor-image-gallery .gallery.gallery-columns-7 .gallery-item,.elementor-image-gallery .gallery.gallery-columns-8 .gallery-item,.elementor-image-gallery .gallery.gallery-columns-9 .gallery-item,.elementor-image-gallery .gallery.gallery-columns-10 .gallery-item{max-width:100%}}<\/style>\t\t<div class=\"elementor-image-gallery\">\n\t\t\t<div id='gallery-1' class='gallery galleryid-1961 gallery-columns-3 gallery-size-thumbnail'><figure class='gallery-item'>\n\t\t\t<div class='gallery-icon landscape'>\n\t\t\t\t<a data-elementor-open-lightbox=\"no\" href='https:\/\/mpgk.zgorzelec.pl\/wp-content\/uploads\/2025\/07\/20250714_091559-scaled.jpg'><img loading=\"lazy\" decoding=\"async\" width=\"150\" height=\"150\" src=\"https:\/\/mpgk.zgorzelec.pl\/wp-content\/uploads\/2025\/07\/20250714_091559-150x150.jpg\" class=\"attachment-thumbnail size-thumbnail\" alt=\"\" aria-describedby=\"gallery-1-1967\" srcset=\"https:\/\/mpgk.zgorzelec.pl\/wp-content\/uploads\/2025\/07\/20250714_091559-150x150.jpg 150w, https:\/\/mpgk.zgorzelec.pl\/wp-content\/uploads\/2025\/07\/20250714_091559-270x270.jpg 270w, https:\/\/mpgk.zgorzelec.pl\/wp-content\/uploads\/2025\/07\/20250714_091559-230x230.jpg 230w\" sizes=\"auto, (max-width: 150px) 100vw, 150px\" \/><\/a>\n\t\t\t<\/div>\n\t\t\t\t<figcaption class='wp-caption-text gallery-caption' id='gallery-1-1967'>\n\t\t\t\t\u015amieciarka elektryczna MPGK w Zgorzelcu\n\t\t\t\t<\/figcaption><\/figure><figure class='gallery-item'>\n\t\t\t<div class='gallery-icon landscape'>\n\t\t\t\t<a data-elementor-open-lightbox=\"no\" href='https:\/\/mpgk.zgorzelec.pl\/wp-content\/uploads\/2025\/07\/20250714_091815-scaled.jpg'><img loading=\"lazy\" decoding=\"async\" width=\"150\" height=\"150\" src=\"https:\/\/mpgk.zgorzelec.pl\/wp-content\/uploads\/2025\/07\/20250714_091815-150x150.jpg\" class=\"attachment-thumbnail size-thumbnail\" alt=\"\" aria-describedby=\"gallery-1-1965\" srcset=\"https:\/\/mpgk.zgorzelec.pl\/wp-content\/uploads\/2025\/07\/20250714_091815-150x150.jpg 150w, https:\/\/mpgk.zgorzelec.pl\/wp-content\/uploads\/2025\/07\/20250714_091815-270x270.jpg 270w, https:\/\/mpgk.zgorzelec.pl\/wp-content\/uploads\/2025\/07\/20250714_091815-230x230.jpg 230w\" sizes=\"auto, (max-width: 150px) 100vw, 150px\" \/><\/a>\n\t\t\t<\/div>\n\t\t\t\t<figcaption class='wp-caption-text gallery-caption' id='gallery-1-1965'>\n\t\t\t\t\u015amieciarka elektryczna MPGK w Zgorzelcu\n\t\t\t\t<\/figcaption><\/figure><figure class='gallery-item'>\n\t\t\t<div class='gallery-icon landscape'>\n\t\t\t\t<a data-elementor-open-lightbox=\"no\" href='https:\/\/mpgk.zgorzelec.pl\/wp-content\/uploads\/2025\/07\/20250714_091614-scaled.jpg'><img loading=\"lazy\" decoding=\"async\" width=\"150\" height=\"150\" src=\"https:\/\/mpgk.zgorzelec.pl\/wp-content\/uploads\/2025\/07\/20250714_091614-150x150.jpg\" class=\"attachment-thumbnail size-thumbnail\" alt=\"\" aria-describedby=\"gallery-1-1963\" srcset=\"https:\/\/mpgk.zgorzelec.pl\/wp-content\/uploads\/2025\/07\/20250714_091614-150x150.jpg 150w, https:\/\/mpgk.zgorzelec.pl\/wp-content\/uploads\/2025\/07\/20250714_091614-270x270.jpg 270w, https:\/\/mpgk.zgorzelec.pl\/wp-content\/uploads\/2025\/07\/20250714_091614-230x230.jpg 230w\" sizes=\"auto, (max-width: 150px) 100vw, 150px\" \/><\/a>\n\t\t\t<\/div>\n\t\t\t\t<figcaption class='wp-caption-text gallery-caption' id='gallery-1-1963'>\n\t\t\t\t\u015amieciarka elektryczna MPGK w Zgorzelcu\n\t\t\t\t<\/figcaption><\/figure><figure class='gallery-item'>\n\t\t\t<div class='gallery-icon portrait'>\n\t\t\t\t<a data-elementor-open-lightbox=\"no\" href='https:\/\/mpgk.zgorzelec.pl\/wp-content\/uploads\/2025\/07\/20250714_092109-scaled.jpg'><img loading=\"lazy\" decoding=\"async\" width=\"150\" height=\"150\" src=\"https:\/\/mpgk.zgorzelec.pl\/wp-content\/uploads\/2025\/07\/20250714_092109-150x150.jpg\" class=\"attachment-thumbnail size-thumbnail\" alt=\"\" aria-describedby=\"gallery-1-1966\" srcset=\"https:\/\/mpgk.zgorzelec.pl\/wp-content\/uploads\/2025\/07\/20250714_092109-150x150.jpg 150w, https:\/\/mpgk.zgorzelec.pl\/wp-content\/uploads\/2025\/07\/20250714_092109-270x270.jpg 270w, https:\/\/mpgk.zgorzelec.pl\/wp-content\/uploads\/2025\/07\/20250714_092109-230x230.jpg 230w\" sizes=\"auto, (max-width: 150px) 100vw, 150px\" \/><\/a>\n\t\t\t<\/div>\n\t\t\t\t<figcaption class='wp-caption-text gallery-caption' id='gallery-1-1966'>\n\t\t\t\t\u015amieciarka elektryczna MPGK w Zgorzelcu\n\t\t\t\t<\/figcaption><\/figure><figure class='gallery-item'>\n\t\t\t<div class='gallery-icon portrait'>\n\t\t\t\t<a data-elementor-open-lightbox=\"no\" href='https:\/\/mpgk.zgorzelec.pl\/wp-content\/uploads\/2025\/07\/20250714_091933-scaled.jpg'><img loading=\"lazy\" decoding=\"async\" width=\"150\" height=\"150\" src=\"https:\/\/mpgk.zgorzelec.pl\/wp-content\/uploads\/2025\/07\/20250714_091933-150x150.jpg\" class=\"attachment-thumbnail size-thumbnail\" alt=\"\" aria-describedby=\"gallery-1-1968\" srcset=\"https:\/\/mpgk.zgorzelec.pl\/wp-content\/uploads\/2025\/07\/20250714_091933-150x150.jpg 150w, https:\/\/mpgk.zgorzelec.pl\/wp-content\/uploads\/2025\/07\/20250714_091933-270x270.jpg 270w, https:\/\/mpgk.zgorzelec.pl\/wp-content\/uploads\/2025\/07\/20250714_091933-230x230.jpg 230w\" sizes=\"auto, (max-width: 150px) 100vw, 150px\" \/><\/a>\n\t\t\t<\/div>\n\t\t\t\t<figcaption class='wp-caption-text gallery-caption' id='gallery-1-1968'>\n\t\t\t\t\u015amieciarka elektryczna MPGK w Zgorzelcu\n\t\t\t\t<\/figcaption><\/figure>\n\t\t<\/div>\n\t\t<\/div>\n\t\t\t\t<\/div>\n\t\t\t\t<\/div>\n\t\t\t\t\t<\/div>\n\t\t<\/div>\n\t\t\t\t\t\t\t<\/div>\n\t\t<\/section>\n\t\t\t\t\t\t\t<\/div>\n\t\t","protected":false},"excerpt":{"rendered":"<p>Od kilku dni na ulicach Zgorzelca mo\u017cemy dostrzec now\u0105 \u015bmieciark\u0119. Do floty MPGK w Zgorzelcu do\u0142\u0105czy\u0142a pierwsza \u015bmieciarka elektryczna. To ju\u017c kolejny pojazd, kt\u00f3ry wzmacnia nasz\u0105 zdolno\u015b\u0107 do efektywnej gospodarki odpadami. Zakupiona elektryczna \u015bmieciarka to trzyosiowy Renault Trucks D Wide<\/p>\n","protected":false},"author":2,"featured_media":1963,"comment_status":"closed","ping_status":"open","sticky":false,"template":"","format":"standard","meta":{"footnotes":""},"categories":[5],"tags":[],"class_list":["post-1961","post","type-post","status-publish","format-standard","has-post-thumbnail","hentry","category-aktualnosci"],"yoast_head":"<!-- This site is optimized with the Yoast SEO plugin v20.13 - https:\/\/yoast.com\/wordpress\/plugins\/seo\/ -->\n<title>Elektryczna \u015bmieciarka w MPGK - Miejskie Przedsi\u0119biorstwo Gospodarki Komunalnej Sp. z o.o. w Zgorzelcu<\/title>\n<meta name=\"robots\" content=\"index, follow, max-snippet:-1, max-image-preview:large, max-video-preview:-1\" \/>\n<link rel=\"canonical\" href=\"https:\/\/mpgk.zgorzelec.pl\/index.php\/2025\/07\/14\/elektryczna-smieciarka-w-mpgk\/\" \/>\n<meta property=\"og:locale\" content=\"pl_PL\" \/>\n<meta property=\"og:type\" content=\"article\" \/>\n<meta property=\"og:title\" content=\"Elektryczna \u015bmieciarka w MPGK - Miejskie Przedsi\u0119biorstwo Gospodarki Komunalnej Sp. z o.o. w Zgorzelcu\" \/>\n<meta property=\"og:description\" content=\"Od kilku dni na ulicach Zgorzelca mo\u017cemy dostrzec now\u0105 \u015bmieciark\u0119. Do floty MPGK w Zgorzelcu do\u0142\u0105czy\u0142a pierwsza \u015bmieciarka elektryczna. To ju\u017c kolejny pojazd, kt\u00f3ry wzmacnia nasz\u0105 zdolno\u015b\u0107 do efektywnej gospodarki odpadami. Zakupiona elektryczna \u015bmieciarka to trzyosiowy Renault Trucks D Wide\" \/>\n<meta property=\"og:url\" content=\"https:\/\/mpgk.zgorzelec.pl\/index.php\/2025\/07\/14\/elektryczna-smieciarka-w-mpgk\/\" \/>\n<meta property=\"og:site_name\" content=\"Miejskie Przedsi\u0119biorstwo Gospodarki Komunalnej Sp. z o.o. w Zgorzelcu\" \/>\n<meta property=\"article:published_time\" content=\"2025-07-14T16:18:28+00:00\" \/>\n<meta property=\"article:modified_time\" content=\"2025-07-14T16:20:59+00:00\" \/>\n<meta property=\"og:image\" content=\"https:\/\/mpgk.zgorzelec.pl\/wp-content\/uploads\/2025\/07\/20250714_091614-scaled.jpg\" \/>\n\t<meta property=\"og:image:width\" content=\"2560\" \/>\n\t<meta property=\"og:image:height\" content=\"1441\" \/>\n\t<meta property=\"og:image:type\" content=\"image\/jpeg\" \/>\n<meta name=\"author\" content=\"admin_mpgk\" \/>\n<meta name=\"twitter:card\" content=\"summary_large_image\" \/>\n<meta name=\"twitter:label1\" content=\"Napisane przez\" \/>\n\t<meta name=\"twitter:data1\" content=\"admin_mpgk\" \/>\n\t<meta name=\"twitter:label2\" content=\"Szacowany czas czytania\" \/>\n\t<meta name=\"twitter:data2\" content=\"3 minuty\" \/>\n<script type=\"application\/ld+json\" class=\"yoast-schema-graph\">{\"@context\":\"https:\/\/schema.org\",\"@graph\":[{\"@type\":\"Article\",\"@id\":\"https:\/\/mpgk.zgorzelec.pl\/index.php\/2025\/07\/14\/elektryczna-smieciarka-w-mpgk\/#article\",\"isPartOf\":{\"@id\":\"https:\/\/mpgk.zgorzelec.pl\/index.php\/2025\/07\/14\/elektryczna-smieciarka-w-mpgk\/\"},\"author\":{\"name\":\"admin_mpgk\",\"@id\":\"https:\/\/mpgk.zgorzelec.pl\/#\/schema\/person\/8801f8f33065afab42178262821010bc\"},\"headline\":\"Elektryczna \u015bmieciarka w MPGK\",\"datePublished\":\"2025-07-14T16:18:28+00:00\",\"dateModified\":\"2025-07-14T16:20:59+00:00\",\"mainEntityOfPage\":{\"@id\":\"https:\/\/mpgk.zgorzelec.pl\/index.php\/2025\/07\/14\/elektryczna-smieciarka-w-mpgk\/\"},\"wordCount\":179,\"publisher\":{\"@id\":\"https:\/\/mpgk.zgorzelec.pl\/#organization\"},\"articleSection\":[\"Aktualno\u015bci\"],\"inLanguage\":\"pl-PL\"},{\"@type\":\"WebPage\",\"@id\":\"https:\/\/mpgk.zgorzelec.pl\/index.php\/2025\/07\/14\/elektryczna-smieciarka-w-mpgk\/\",\"url\":\"https:\/\/mpgk.zgorzelec.pl\/index.php\/2025\/07\/14\/elektryczna-smieciarka-w-mpgk\/\",\"name\":\"Elektryczna \u015bmieciarka w MPGK - Miejskie Przedsi\u0119biorstwo Gospodarki Komunalnej Sp. z o.o. w Zgorzelcu\",\"isPartOf\":{\"@id\":\"https:\/\/mpgk.zgorzelec.pl\/#website\"},\"datePublished\":\"2025-07-14T16:18:28+00:00\",\"dateModified\":\"2025-07-14T16:20:59+00:00\",\"breadcrumb\":{\"@id\":\"https:\/\/mpgk.zgorzelec.pl\/index.php\/2025\/07\/14\/elektryczna-smieciarka-w-mpgk\/#breadcrumb\"},\"inLanguage\":\"pl-PL\",\"potentialAction\":[{\"@type\":\"ReadAction\",\"target\":[\"https:\/\/mpgk.zgorzelec.pl\/index.php\/2025\/07\/14\/elektryczna-smieciarka-w-mpgk\/\"]}]},{\"@type\":\"BreadcrumbList\",\"@id\":\"https:\/\/mpgk.zgorzelec.pl\/index.php\/2025\/07\/14\/elektryczna-smieciarka-w-mpgk\/#breadcrumb\",\"itemListElement\":[{\"@type\":\"ListItem\",\"position\":1,\"name\":\"Home\",\"item\":\"https:\/\/mpgk.zgorzelec.pl\/\"},{\"@type\":\"ListItem\",\"position\":2,\"name\":\"Elektryczna \u015bmieciarka w MPGK\"}]},{\"@type\":\"WebSite\",\"@id\":\"https:\/\/mpgk.zgorzelec.pl\/#website\",\"url\":\"https:\/\/mpgk.zgorzelec.pl\/\",\"name\":\"Miejskie Przedsi\u0119biorstwo Gospodarki Komunalnej Sp. z o.o. w Zgorzelcu\",\"description\":\"MPGK Zgorzelec\",\"publisher\":{\"@id\":\"https:\/\/mpgk.zgorzelec.pl\/#organization\"},\"potentialAction\":[{\"@type\":\"SearchAction\",\"target\":{\"@type\":\"EntryPoint\",\"urlTemplate\":\"https:\/\/mpgk.zgorzelec.pl\/?s={search_term_string}\"},\"query-input\":\"required name=search_term_string\"}],\"inLanguage\":\"pl-PL\"},{\"@type\":\"Organization\",\"@id\":\"https:\/\/mpgk.zgorzelec.pl\/#organization\",\"name\":\"Miejskie Przedsi\u0119biorstwo Gospodarki Komunalnej Sp. z o.o. w Zgorzelcu\",\"url\":\"https:\/\/mpgk.zgorzelec.pl\/\",\"logo\":{\"@type\":\"ImageObject\",\"inLanguage\":\"pl-PL\",\"@id\":\"https:\/\/mpgk.zgorzelec.pl\/#\/schema\/logo\/image\/\",\"url\":\"https:\/\/mpgk.zgorzelec.pl\/wp-content\/uploads\/2022\/05\/cropped-Logo-e1653213732347.png\",\"contentUrl\":\"https:\/\/mpgk.zgorzelec.pl\/wp-content\/uploads\/2022\/05\/cropped-Logo-e1653213732347.png\",\"width\":100,\"height\":63,\"caption\":\"Miejskie Przedsi\u0119biorstwo Gospodarki Komunalnej Sp. z o.o. w Zgorzelcu\"},\"image\":{\"@id\":\"https:\/\/mpgk.zgorzelec.pl\/#\/schema\/logo\/image\/\"}},{\"@type\":\"Person\",\"@id\":\"https:\/\/mpgk.zgorzelec.pl\/#\/schema\/person\/8801f8f33065afab42178262821010bc\",\"name\":\"admin_mpgk\",\"image\":{\"@type\":\"ImageObject\",\"inLanguage\":\"pl-PL\",\"@id\":\"https:\/\/mpgk.zgorzelec.pl\/#\/schema\/person\/image\/\",\"url\":\"https:\/\/secure.gravatar.com\/avatar\/91668d69b43d2546084ed9ead65dd136?s=96&d=mm&r=g\",\"contentUrl\":\"https:\/\/secure.gravatar.com\/avatar\/91668d69b43d2546084ed9ead65dd136?s=96&d=mm&r=g\",\"caption\":\"admin_mpgk\"},\"sameAs\":[\"http:\/\/mpgk1.home.pl\/autoinstalator\/wordpressplugins2\"],\"url\":\"https:\/\/mpgk.zgorzelec.pl\/index.php\/author\/admin-2\/\"}]}<\/script>\n<!-- \/ Yoast SEO plugin. -->","yoast_head_json":{"title":"Elektryczna \u015bmieciarka w MPGK - Miejskie Przedsi\u0119biorstwo Gospodarki Komunalnej Sp. z o.o. w Zgorzelcu","robots":{"index":"index","follow":"follow","max-snippet":"max-snippet:-1","max-image-preview":"max-image-preview:large","max-video-preview":"max-video-preview:-1"},"canonical":"https:\/\/mpgk.zgorzelec.pl\/index.php\/2025\/07\/14\/elektryczna-smieciarka-w-mpgk\/","og_locale":"pl_PL","og_type":"article","og_title":"Elektryczna \u015bmieciarka w MPGK - Miejskie Przedsi\u0119biorstwo Gospodarki Komunalnej Sp. z o.o. w Zgorzelcu","og_description":"Od kilku dni na ulicach Zgorzelca mo\u017cemy dostrzec now\u0105 \u015bmieciark\u0119. Do floty MPGK w Zgorzelcu do\u0142\u0105czy\u0142a pierwsza \u015bmieciarka elektryczna. To ju\u017c kolejny pojazd, kt\u00f3ry wzmacnia nasz\u0105 zdolno\u015b\u0107 do efektywnej gospodarki odpadami. Zakupiona elektryczna \u015bmieciarka to trzyosiowy Renault Trucks D Wide","og_url":"https:\/\/mpgk.zgorzelec.pl\/index.php\/2025\/07\/14\/elektryczna-smieciarka-w-mpgk\/","og_site_name":"Miejskie Przedsi\u0119biorstwo Gospodarki Komunalnej Sp. z o.o. w Zgorzelcu","article_published_time":"2025-07-14T16:18:28+00:00","article_modified_time":"2025-07-14T16:20:59+00:00","og_image":[{"width":2560,"height":1441,"url":"https:\/\/mpgk.zgorzelec.pl\/wp-content\/uploads\/2025\/07\/20250714_091614-scaled.jpg","type":"image\/jpeg"}],"author":"admin_mpgk","twitter_card":"summary_large_image","twitter_misc":{"Napisane przez":"admin_mpgk","Szacowany czas czytania":"3 minuty"},"schema":{"@context":"https:\/\/schema.org","@graph":[{"@type":"Article","@id":"https:\/\/mpgk.zgorzelec.pl\/index.php\/2025\/07\/14\/elektryczna-smieciarka-w-mpgk\/#article","isPartOf":{"@id":"https:\/\/mpgk.zgorzelec.pl\/index.php\/2025\/07\/14\/elektryczna-smieciarka-w-mpgk\/"},"author":{"name":"admin_mpgk","@id":"https:\/\/mpgk.zgorzelec.pl\/#\/schema\/person\/8801f8f33065afab42178262821010bc"},"headline":"Elektryczna \u015bmieciarka w MPGK","datePublished":"2025-07-14T16:18:28+00:00","dateModified":"2025-07-14T16:20:59+00:00","mainEntityOfPage":{"@id":"https:\/\/mpgk.zgorzelec.pl\/index.php\/2025\/07\/14\/elektryczna-smieciarka-w-mpgk\/"},"wordCount":179,"publisher":{"@id":"https:\/\/mpgk.zgorzelec.pl\/#organization"},"articleSection":["Aktualno\u015bci"],"inLanguage":"pl-PL"},{"@type":"WebPage","@id":"https:\/\/mpgk.zgorzelec.pl\/index.php\/2025\/07\/14\/elektryczna-smieciarka-w-mpgk\/","url":"https:\/\/mpgk.zgorzelec.pl\/index.php\/2025\/07\/14\/elektryczna-smieciarka-w-mpgk\/","name":"Elektryczna \u015bmieciarka w MPGK - Miejskie Przedsi\u0119biorstwo Gospodarki Komunalnej Sp. z o.o. w Zgorzelcu","isPartOf":{"@id":"https:\/\/mpgk.zgorzelec.pl\/#website"},"datePublished":"2025-07-14T16:18:28+00:00","dateModified":"2025-07-14T16:20:59+00:00","breadcrumb":{"@id":"https:\/\/mpgk.zgorzelec.pl\/index.php\/2025\/07\/14\/elektryczna-smieciarka-w-mpgk\/#breadcrumb"},"inLanguage":"pl-PL","potentialAction":[{"@type":"ReadAction","target":["https:\/\/mpgk.zgorzelec.pl\/index.php\/2025\/07\/14\/elektryczna-smieciarka-w-mpgk\/"]}]},{"@type":"BreadcrumbList","@id":"https:\/\/mpgk.zgorzelec.pl\/index.php\/2025\/07\/14\/elektryczna-smieciarka-w-mpgk\/#breadcrumb","itemListElement":[{"@type":"ListItem","position":1,"name":"Home","item":"https:\/\/mpgk.zgorzelec.pl\/"},{"@type":"ListItem","position":2,"name":"Elektryczna \u015bmieciarka w MPGK"}]},{"@type":"WebSite","@id":"https:\/\/mpgk.zgorzelec.pl\/#website","url":"https:\/\/mpgk.zgorzelec.pl\/","name":"Miejskie Przedsi\u0119biorstwo Gospodarki Komunalnej Sp. z o.o. w Zgorzelcu","description":"MPGK Zgorzelec","publisher":{"@id":"https:\/\/mpgk.zgorzelec.pl\/#organization"},"potentialAction":[{"@type":"SearchAction","target":{"@type":"EntryPoint","urlTemplate":"https:\/\/mpgk.zgorzelec.pl\/?s={search_term_string}"},"query-input":"required name=search_term_string"}],"inLanguage":"pl-PL"},{"@type":"Organization","@id":"https:\/\/mpgk.zgorzelec.pl\/#organization","name":"Miejskie Przedsi\u0119biorstwo Gospodarki Komunalnej Sp. z o.o. w Zgorzelcu","url":"https:\/\/mpgk.zgorzelec.pl\/","logo":{"@type":"ImageObject","inLanguage":"pl-PL","@id":"https:\/\/mpgk.zgorzelec.pl\/#\/schema\/logo\/image\/","url":"https:\/\/mpgk.zgorzelec.pl\/wp-content\/uploads\/2022\/05\/cropped-Logo-e1653213732347.png","contentUrl":"https:\/\/mpgk.zgorzelec.pl\/wp-content\/uploads\/2022\/05\/cropped-Logo-e1653213732347.png","width":100,"height":63,"caption":"Miejskie Przedsi\u0119biorstwo Gospodarki Komunalnej Sp. z o.o. w Zgorzelcu"},"image":{"@id":"https:\/\/mpgk.zgorzelec.pl\/#\/schema\/logo\/image\/"}},{"@type":"Person","@id":"https:\/\/mpgk.zgorzelec.pl\/#\/schema\/person\/8801f8f33065afab42178262821010bc","name":"admin_mpgk","image":{"@type":"ImageObject","inLanguage":"pl-PL","@id":"https:\/\/mpgk.zgorzelec.pl\/#\/schema\/person\/image\/","url":"https:\/\/secure.gravatar.com\/avatar\/91668d69b43d2546084ed9ead65dd136?s=96&d=mm&r=g","contentUrl":"https:\/\/secure.gravatar.com\/avatar\/91668d69b43d2546084ed9ead65dd136?s=96&d=mm&r=g","caption":"admin_mpgk"},"sameAs":["http:\/\/mpgk1.home.pl\/autoinstalator\/wordpressplugins2"],"url":"https:\/\/mpgk.zgorzelec.pl\/index.php\/author\/admin-2\/"}]}},"_links":{"self":[{"href":"https:\/\/mpgk.zgorzelec.pl\/index.php\/wp-json\/wp\/v2\/posts\/1961","targetHints":{"allow":["GET"]}}],"collection":[{"href":"https:\/\/mpgk.zgorzelec.pl\/index.php\/wp-json\/wp\/v2\/posts"}],"about":[{"href":"https:\/\/mpgk.zgorzelec.pl\/index.php\/wp-json\/wp\/v2\/types\/post"}],"author":[{"embeddable":true,"href":"https:\/\/mpgk.zgorzelec.pl\/index.php\/wp-json\/wp\/v2\/users\/2"}],"replies":[{"embeddable":true,"href":"https:\/\/mpgk.zgorzelec.pl\/index.php\/wp-json\/wp\/v2\/comments?post=1961"}],"version-history":[{"count":8,"href":"https:\/\/mpgk.zgorzelec.pl\/index.php\/wp-json\/wp\/v2\/posts\/1961\/revisions"}],"predecessor-version":[{"id":1975,"href":"https:\/\/mpgk.zgorzelec.pl\/index.php\/wp-json\/wp\/v2\/posts\/1961\/revisions\/1975"}],"wp:featuredmedia":[{"embeddable":true,"href":"https:\/\/mpgk.zgorzelec.pl\/index.php\/wp-json\/wp\/v2\/media\/1963"}],"wp:attachment":[{"href":"https:\/\/mpgk.zgorzelec.pl\/index.php\/wp-json\/wp\/v2\/media?parent=1961"}],"wp:term":[{"taxonomy":"category","embeddable":true,"href":"https:\/\/mpgk.zgorzelec.pl\/index.php\/wp-json\/wp\/v2\/categories?post=1961"},{"taxonomy":"post_tag","embeddable":true,"href":"https:\/\/mpgk.zgorzelec.pl\/index.php\/wp-json\/wp\/v2\/tags?post=1961"}],"curies":[{"name":"wp","href":"https:\/\/api.w.org\/{rel}","templated":true}]}}