{"id":1937,"date":"2025-06-27T08:47:48","date_gmt":"2025-06-27T06:47:48","guid":{"rendered":"https:\/\/mpgk.zgorzelec.pl\/?p=1937"},"modified":"2025-06-30T12:42:19","modified_gmt":"2025-06-30T10:42:19","slug":"iii-akcja-zbierania-starych-mebli-i-gabarytow-w-2025-roku","status":"publish","type":"post","link":"https:\/\/mpgk.zgorzelec.pl\/index.php\/2025\/06\/27\/iii-akcja-zbierania-starych-mebli-i-gabarytow-w-2025-roku\/","title":{"rendered":"III Akcja Zbierania Starych Mebli i Gabaryt\u00f3w w 2025 roku"},"content":{"rendered":"\t\t<div data-elementor-type=\"wp-post\" data-elementor-id=\"1937\" class=\"elementor elementor-1937\">\n\t\t\t\t\t\t\t\t\t<section class=\"elementor-section elementor-top-section elementor-element elementor-element-a584eb8 elementor-section-boxed elementor-section-height-default elementor-section-height-default\" data-id=\"a584eb8\" data-element_type=\"section\">\n\t\t\t\t\t\t<div class=\"elementor-container elementor-column-gap-default\">\n\t\t\t\t\t<div class=\"elementor-column elementor-col-100 elementor-top-column elementor-element elementor-element-ded01eb\" data-id=\"ded01eb\" data-element_type=\"column\">\n\t\t\t<div class=\"elementor-widget-wrap elementor-element-populated\">\n\t\t\t\t\t\t\t\t<div class=\"elementor-element elementor-element-e25c0e0 elementor-widget elementor-widget-image\" data-id=\"e25c0e0\" data-element_type=\"widget\" data-widget_type=\"image.default\">\n\t\t\t\t<div class=\"elementor-widget-container\">\n\t\t\t<style>\/*! elementor - v3.15.0 - 09-08-2023 *\/\n.elementor-widget-image{text-align:center}.elementor-widget-image a{display:inline-block}.elementor-widget-image a img[src$=\".svg\"]{width:48px}.elementor-widget-image img{vertical-align:middle;display:inline-block}<\/style>\t\t\t\t\t\t\t\t\t\t\t\t<img loading=\"lazy\" decoding=\"async\" width=\"750\" height=\"500\" src=\"https:\/\/mpgk.zgorzelec.pl\/wp-content\/uploads\/2023\/03\/MPGK-wywoz-gabarytow-1024x683.jpg\" class=\"attachment-large size-large wp-image-764\" alt=\"\" srcset=\"https:\/\/mpgk.zgorzelec.pl\/wp-content\/uploads\/2023\/03\/MPGK-wywoz-gabarytow-1024x683.jpg 1024w, https:\/\/mpgk.zgorzelec.pl\/wp-content\/uploads\/2023\/03\/MPGK-wywoz-gabarytow-300x200.jpg 300w, https:\/\/mpgk.zgorzelec.pl\/wp-content\/uploads\/2023\/03\/MPGK-wywoz-gabarytow-768x512.jpg 768w, https:\/\/mpgk.zgorzelec.pl\/wp-content\/uploads\/2023\/03\/MPGK-wywoz-gabarytow.jpg 1536w\" sizes=\"auto, (max-width: 750px) 100vw, 750px\" \/>\t\t\t\t\t\t\t\t\t\t\t\t\t\t\t<\/div>\n\t\t\t\t<\/div>\n\t\t\t\t<div class=\"elementor-element elementor-element-b779edf elementor-widget elementor-widget-text-editor\" data-id=\"b779edf\" data-element_type=\"widget\" data-widget_type=\"text-editor.default\">\n\t\t\t\t<div class=\"elementor-widget-container\">\n\t\t\t<style>\/*! elementor - v3.15.0 - 09-08-2023 *\/\n.elementor-widget-text-editor.elementor-drop-cap-view-stacked .elementor-drop-cap{background-color:#69727d;color:#fff}.elementor-widget-text-editor.elementor-drop-cap-view-framed .elementor-drop-cap{color:#69727d;border:3px solid;background-color:transparent}.elementor-widget-text-editor:not(.elementor-drop-cap-view-default) .elementor-drop-cap{margin-top:8px}.elementor-widget-text-editor:not(.elementor-drop-cap-view-default) .elementor-drop-cap-letter{width:1em;height:1em}.elementor-widget-text-editor .elementor-drop-cap{float:left;text-align:center;line-height:1;font-size:50px}.elementor-widget-text-editor .elementor-drop-cap-letter{display:inline-block}<\/style>\t\t\t\t<p><strong>Miejskie Przedsi\u0119biorstwo Gospodarki Komunalnej Sp. z o. o. w Zgorzelcu informuje o rozpocz\u0119ciu od dnia 07.07.2025 r. III Akcji Zbierania Starych Mebli i Gabaryt\u00f3w.<\/strong><\/p>\n<p><strong>Od 7 lipca <\/strong>(poniedzia\u0142ek) akcja obejmie cz\u0119\u015b\u0107 miasta do wiaduktu przy ul. Warszawskiej (<strong>Miasto Zgorzelec<\/strong>) natomiast <strong>od<\/strong> <strong>21 lipca<\/strong> (poniedzia\u0142ek) cz\u0119\u015b\u0107 miasta od wiaduktu przy ul. \u0141u\u017cyckiej (<strong>Zgorzelec Ujazd<\/strong>).<\/p>\n<p><a href=\"https:\/\/mpgk.zgorzelec.pl\/index.php\/odpady-wielkogabarytowe\/\"><strong>ROCZNY HARMONOGRAM AKCJI ZBIERANIA GABARYT\u00d3W &#8211; ROK 2025 (kliknij)<\/strong><\/a><\/p>\n<p><strong>UWAGA!<\/strong><\/p>\n<p>Akcja zbierania odpad\u00f3w wielkogabarytowych&nbsp; przeprowadzana jest zgodnie z <strong>harmonogramem odbioru<\/strong> z poszczeg\u00f3lnych rejon\u00f3w miasta. Harmonogram zawiera numer rejonu, wykaz ulic w rejonie oraz terminy zg\u0142osze\u0144 i odbior\u00f3w.<\/p>\n<p><strong>W ramach zbi\u00f3rki odbierane b\u0119d\u0105:<\/strong><\/p>\n<ul>\n<li>stare meble \u2013 m.in. szafy, \u0142\u00f3\u017cka, kredensy, biurka, krzes\u0142a,<\/li>\n<li>wyroby tapicerskie \u2013 m.in. fotele, wersalki, pufy,<\/li>\n<li>skrzyd\u0142o drzwi lub okna (bez futryny, o\u015bcie\u017cnic, parapet\u00f3w),<\/li>\n<li>karnisze, deski do prasowania, du\u017ce lustra,<\/li>\n<li>dywany, wyk\u0142adziny, materace,<\/li>\n<li>rowery, w\u00f3zki dzieci\u0119ce, zabawki du\u017cych rozmiar\u00f3w bez elektroniki, foteliki dzieci\u0119ce, przewijaki,<\/li>\n<li>meble ogrodowe, du\u017ce donice.<\/li>\n<\/ul>\n<p>Akcja zbierania odpad\u00f3w wielkogabarytowych <strong>nie obejmuje<\/strong> zbierania odpad\u00f3w typu: gruz, odpad\u00f3w po remontach (futryny drzwiowe i okienne, urz\u0105dzenia sanitarne, itp.), sprz\u0119t AGD i RTV.<\/p>\n<p>Odbieranie odpad\u00f3w odbywa\u0107 si\u0119 b\u0119dzie po <strong>uprzednim zg\u0142oszeniu<\/strong> telefonicznym \u2013 75 77 58 440 lub mailowym <a href=\"mailto:dzial.uslug@mpgk.zgorzelec.pl\">dzial.uslug@mpgk.zgorzelec.pl<\/a> w godzinach pracy Dzia\u0142u Us\u0142ug Komunalnych (od poniedzia\u0142ku do pi\u0105tku w godz. 7.00 \u2013 14.00).<\/p>\n<p><strong>UWAGA!<\/strong> W innych terminach odpady nie b\u0119d\u0105 odbierane.<\/p>\n<p>Do pobrania: <a href=\"https:\/\/mpgk.zgorzelec.pl\/wp-content\/uploads\/2025\/01\/Harmonogram-gabaryty-III-Akcja-2025.pdf\" target=\"_blank\" rel=\"noreferrer noopener\"><strong>HARMONOGRAM ODBIORU GABARYT\u00d3W &#8211; III AKCJA (pdf)<\/strong><\/a><\/p>\n<p><strong>Przypominamy, \u017ce mieszka\u0144cy mog\u0105 bezp\u0142atnie oddawa\u0107 odpady w Punkcie Selektywnego Zbierania Odpad\u00f3w Komunalnych (PSZOK) w J\u0119drzychowicach oraz&nbsp; w mobilnym Punkcie Zbierania Odpad\u00f3w Komunalnych (mPSZOK) na dawnym targowisku w Zgorzelcu (tzw. du\u017cy rynek).<\/strong>&nbsp;Aby zostawi\u0107 odpady nale\u017cy <strong>okaza\u0107 dokument potwierdzaj\u0105cy wniesienie ostatniej op\u0142aty za gospodarowanie odpadami komunalnymi na rzecz Gminy Miejskiej Zgorzelec<\/strong>.<\/p>\n<p><strong>Godziny otwarcia PSZOK w J\u0119drzychowicach:<\/strong><br>\u2022 od poniedzia\u0142ku do czwartku w godzinach od 7:00 do 16:00 opr\u00f3cz dni ustawowo wolnych od pracy<br>\u2022 w pi\u0105tki w godzinach od 7:00 do 18:00 &#8211; opr\u00f3cz dni ustawowo wolnych od pracy<br>\u2022 w soboty od 8:00 do 14:00 &#8211; opr\u00f3cz dni ustawowo wolnych od pracy<\/p>\n<p><strong>Godziny otwarcia mPSZOK w Zgorzelcu (dawne targowisko):<br><\/strong>\u2022 wtorki i czwartki w godzinach od 9:00 do 17:00 &#8211; opr\u00f3cz dni ustawowo wolnych od pracy<br>\u2022 w soboty od 10:00 do 14:00 -opr\u00f3cz dni ustawowo wolnych od pracy<\/p>\n<p><strong>Jakie odpady przyjmuje PSZOK w J\u0119drzychowicach?<\/strong> Informacje znajdziemy na stronie internetowej <a href=\"https:\/\/mpgk.zgorzelec.pl\/index.php\/pszok\/\" target=\"_blank\" rel=\"noopener\">https:\/\/mpgk.zgorzelec.pl\/index.php\/pszok\/<\/a><\/p>\n<p>Osoba dostarczaj\u0105ca odpady do PSZOK zobowi\u0105zana jest umie\u015bci\u0107 je w odpowiednich kontenerach, <strong>pracownik PSZOK nie zajmuje si\u0119 roz\u0142adunkiem odpad\u00f3w.<\/strong><\/p>\n<p><strong>Terminy kolejnej akcji:<\/strong> 06.10.2025 \u2013 15.10.2025 (Miasto Zgorzelec) oraz 20.10.2025 \u2013 24.10.2025 (Zgorzelec Ujazd).<\/p>\t\t\t\t\t\t<\/div>\n\t\t\t\t<\/div>\n\t\t\t\t\t<\/div>\n\t\t<\/div>\n\t\t\t\t\t\t\t<\/div>\n\t\t<\/section>\n\t\t\t\t<section class=\"elementor-section elementor-top-section elementor-element elementor-element-c7798d4 elementor-section-boxed elementor-section-height-default elementor-section-height-default\" data-id=\"c7798d4\" data-element_type=\"section\">\n\t\t\t\t\t\t<div class=\"elementor-container elementor-column-gap-default\">\n\t\t\t\t\t<div class=\"elementor-column elementor-col-100 elementor-top-column elementor-element elementor-element-bd2b230\" data-id=\"bd2b230\" data-element_type=\"column\">\n\t\t\t<div class=\"elementor-widget-wrap elementor-element-populated\">\n\t\t\t\t\t\t\t\t<div class=\"elementor-element elementor-element-9316af8 elementor-widget elementor-widget-text-editor\" data-id=\"9316af8\" data-element_type=\"widget\" data-widget_type=\"text-editor.default\">\n\t\t\t\t<div class=\"elementor-widget-container\">\n\t\t\t\t\t\t\t<p><strong>HARMONOGRAM ODBIORU \u2013 REJONY I \u2013 VIII \u2013 MIASTO ZGORZELEC \u2013 BEZ UJAZDU (od 07.07. do 16.07.2025)<br \/><\/strong><\/p><table><tbody><tr><td width=\"175\"><p>REJON I<\/p><\/td><td width=\"175\"><p>REJON II<\/p><\/td><td width=\"175\"><p>REJON III<\/p><\/td><td width=\"175\"><p>REJON IV<\/p><\/td><\/tr><tr><td width=\"175\"><p><strong>Termin zbi\u00f3rki 07.07.2025<\/strong><\/p><\/td><td width=\"175\"><p><strong>Termin zbi\u00f3rki 08.07.2025<\/strong><\/p><\/td><td width=\"175\"><p><strong>Termin zbi\u00f3rki 09.07.2025<\/strong><\/p><\/td><td width=\"175\"><p><strong>Termin zbi\u00f3rki 10<\/strong><strong>.07.2025<\/strong><\/p><\/td><\/tr><tr><td width=\"175\"><p>Przyjmowanie zg\u0142osze\u0144 do dnia 04.07.2025<\/p><\/td><td width=\"175\"><p>Przyjmowanie zg\u0142osze\u0144 do dnia 07.07.2025<\/p><\/td><td width=\"175\"><p>Przyjmowanie zg\u0142osze\u0144 do dnia 08.07.2025<\/p><\/td><td width=\"175\"><p>Przyjmowanie zg\u0142osze\u0144 do dnia 09.07.2025<\/p><\/td><\/tr><tr><td width=\"175\"><p>1.\u00a0\u00a0\u00a0\u00a0\u00a0 ul. Banacha<\/p><p>2.\u00a0\u00a0\u00a0\u00a0\u00a0 ul. Banachiewicza<\/p><p>3.\u00a0\u00a0\u00a0\u00a0\u00a0 ul. Boles\u0142awiecka<\/p><p>4.\u00a0\u00a0\u00a0\u00a0\u00a0 ul. Darwina<\/p><p>5.\u00a0\u00a0\u00a0\u00a0\u00a0 ul. Fabryczna<\/p><p>6.\u00a0\u00a0\u00a0\u00a0\u00a0 ul. Funka<\/p><p>7.\u00a0\u00a0\u00a0\u00a0\u00a0 ul. Groszowa<\/p><p>8.\u00a0\u00a0\u00a0\u00a0\u00a0 ul. Henrykowska<\/p><p>9.\u00a0\u00a0\u00a0\u00a0\u00a0 ul. Kopernika<\/p><p>10.\u00a0\u00a0 ul. Ksi\u0119dza Kozaka<\/p><p>11.\u00a0\u00a0 ul. Migda\u0142owa<\/p><p>12.\u00a0\u00a0 ul. Mi\u0142a<\/p><p>13.\u00a0\u00a0 ul. Muzyczna<\/p><p>14.\u00a0\u00a0 ul. Nadbrze\u017cna<\/p><p>15.\u00a0\u00a0 ul. Olszewskiego<\/p><p>16.\u00a0\u00a0 Plac \u015awi\u0119tych Konstantyna i Heleny<\/p><p>17.\u00a0\u00a0 ul. Poluszy\u0144skiego<\/p><p>18.\u00a0\u00a0 ul. Romera<\/p><p>19.\u00a0\u00a0 ul. \u015aniadeckiego<\/p><p>20.\u00a0\u00a0 ul. Waszczuka<\/p><p>21.\u00a0\u00a0 ul. Wr\u00f3blewskiego<\/p><p>22.\u00a0\u00a0 ul. Zachodnia<\/p><\/td><td width=\"175\"><p>1.\u00a0\u00a0\u00a0\u00a0\u00a0 Aleje Lipowe<\/p><p>2.\u00a0\u00a0\u00a0\u00a0\u00a0 ul. Armii Krajowej<\/p><p>3.\u00a0\u00a0\u00a0\u00a0\u00a0 ul. Bohater\u00f3w II Armii Wojska Polskiego<\/p><p>4.\u00a0\u00a0\u00a0\u00a0\u00a0 ul. Cio\u0142kowskiego<\/p><p>5.\u00a0\u00a0\u00a0\u00a0\u00a0 ul. Drzyma\u0142y<\/p><p>6.\u00a0\u00a0\u00a0\u00a0\u00a0 ul. Dzika<\/p><p>7.\u00a0\u00a0\u00a0\u00a0\u00a0 ul. Energetyk\u00f3w<\/p><p>8.\u00a0\u00a0\u00a0\u00a0\u00a0 ul. Graniczna<\/p><p>9.\u00a0\u00a0\u00a0\u00a0\u00a0 ul. Idzikowskiego<\/p><p>10.\u00a0\u00a0 ul. Jagie\u0142\u0142y<\/p><p>11.\u00a0\u00a0 ul. Ko\u0142\u0142\u0105taja<\/p><p>12.\u00a0\u00a0 ul. Kra\u0144cowa<\/p><p>13.\u00a0\u00a0 ul. Kr\u00f3tka<\/p><p>14.\u00a0\u00a0 ul. \u0141\u00f3dzka<\/p><p>15.\u00a0\u00a0 ul. 3-go Maja<\/p><p>16.\u00a0\u00a0 Per\u0142owa<\/p><p>17.\u00a0\u00a0 Plac Jana Paw\u0142a II<\/p><p>18.\u00a0\u00a0 Plac NMP<\/p><p>19.\u00a0\u00a0 Plac Ofiar Hitlerowskich Oboz\u00f3w\u00a0 Koncentracyjnych<\/p><p>20.\u00a0\u00a0 ul. Psie Pole<\/p><p>21.\u00a0\u00a0 ul. Reja<\/p><p>22.\u00a0\u00a0 ul. Rubinowa<\/p><p>23.\u00a0\u00a0 ul. S\u0142owia\u0144ska<\/p><p>24.\u00a0\u00a0 ul. Szafirowa<\/p><p>25.\u00a0\u00a0 ul. Szajnowicza<\/p><p>26.\u00a0\u00a0 ul. Szmaragdowa<\/p><p>27.\u00a0\u00a0 ul. Zamiejsko \u2013 Luba\u0144ska<\/p><p>28.\u00a0\u00a0 ul. \u017bwirki i Wigury<\/p><\/td><td width=\"175\"><p>1.\u00a0\u00a0\u00a0\u00a0\u00a0 ul. Batorego<\/p><p>2.\u00a0\u00a0\u00a0\u00a0\u00a0 ul. Bema<\/p><p>3.\u00a0\u00a0\u00a0\u00a0\u00a0 ul. Chrobrego<\/p><p>4.\u00a0\u00a0\u00a0\u00a0\u00a0 ul. Cienista<\/p><p>5.\u00a0\u00a0\u00a0\u00a0\u00a0 ul. Czachowskiego<\/p><p>6.\u00a0\u00a0\u00a0\u00a0\u00a0 ul. D\u0105browskiego<\/p><p>7.\u00a0\u00a0\u00a0\u00a0\u00a0 ul. Doma\u0144skiego<\/p><p>8.\u00a0\u00a0\u00a0\u00a0\u00a0 ul. Konarskiego<\/p><p>9.\u00a0\u00a0\u00a0\u00a0\u00a0 ul. Krupi\u0144skiego<\/p><p>10.\u00a0\u00a0 ul. Marato\u0144ska<\/p><p>11.\u00a0\u00a0 ul. Nad Kolejk\u0105 G\u00f3rsk\u0105<\/p><p>12.\u00a0\u00a0 ul. Parkowa<\/p><p>13.\u00a0\u00a0 ul. Partyzant\u00f3w<\/p><p>14.\u00a0\u00a0 ul. Plater<\/p><p>15.\u00a0\u00a0 ul. Powsta\u0144c\u00f3w \u015al.<\/p><p>16.\u00a0\u00a0 ul. Sportowa<\/p><p>17.\u00a0\u00a0 ul. Staszica<\/p><p>18.\u00a0\u00a0 ul. Warszawska<\/p><p>19.\u00a0\u00a0 ul. Wolno\u015bci<\/p><\/td><td width=\"175\"><p>1.\u00a0\u00a0\u00a0\u00a0\u00a0 ul. Bohater\u00f3w Getta<\/p><p>2.\u00a0\u00a0\u00a0\u00a0\u00a0 ul. Daszy\u0144skiego<\/p><p>3.\u00a0\u00a0\u00a0\u00a0\u00a0 ul. Ko\u015bciuszki<\/p><p>4.\u00a0\u00a0\u00a0\u00a0\u00a0 ul. Langiewicza<\/p><p>5.\u00a0\u00a0\u00a0\u00a0\u00a0 ul. Okrzei<\/p><p>6.\u00a0\u00a0\u00a0\u00a0\u00a0 ul. Pi\u0142sudskiego<\/p><p>7.\u00a0\u00a0\u00a0\u00a0\u00a0 ul. Pu\u0142askiego<\/p><p>8.\u00a0\u00a0\u00a0\u00a0\u00a0 ul. Sienkiewicza<\/p><p>9.\u00a0\u00a0\u00a0\u00a0\u00a0 ul. Szkolna<\/p><\/td><\/tr><\/tbody><\/table><table><tbody><tr><td width=\"175\"><p>REJON V<\/p><\/td><td width=\"175\"><p>REJON VI<\/p><\/td><td width=\"175\"><p>REJON VII<\/p><\/td><td width=\"175\"><p>REJON VIII<\/p><\/td><\/tr><tr><td width=\"175\"><p><strong>Termin zbi\u00f3rki 11.07.2025<\/strong><\/p><\/td><td width=\"175\"><p><strong>Termin zbi\u00f3rki 14.07.2025<\/strong><\/p><\/td><td width=\"175\"><p><strong>Termin zbi\u00f3rki 15.07.2025<\/strong><\/p><\/td><td width=\"175\"><p><strong>Termin zbi\u00f3rki 16.07.2025<\/strong><\/p><\/td><\/tr><tr><td width=\"175\"><p>Przyjmowanie zg\u0142osze\u0144 do dnia 10.07.2025<\/p><\/td><td width=\"175\"><p>Przyjmowanie zg\u0142osze\u0144 do dnia 11.07.2025<\/p><\/td><td width=\"175\"><p>Przyjmowanie zg\u0142osze\u0144 do dnia 14.07.2025<\/p><\/td><td width=\"175\"><p>Przyjmowanie zg\u0142osze\u0144 do dnia 15.07.2025<\/p><\/td><\/tr><tr><td width=\"175\"><p>1.\u00a0\u00a0\u00a0\u00a0\u00a0 ul. Kar\u0142owicza<\/p><p>2.\u00a0\u00a0\u00a0\u00a0\u00a0 ul. Poniatowskiego<\/p><p>3.\u00a0\u00a0\u00a0\u00a0\u00a0 ul. Sybirak\u00f3w<\/p><p>4.\u00a0\u00a0\u00a0\u00a0\u00a0 ul. Traugutta<\/p><p>5.\u00a0\u00a0\u00a0\u00a0\u00a0 ul. Tuwima<\/p><p>6.\u00a0\u00a0\u00a0\u00a0\u00a0 ul. Wieniawskiego<\/p><\/td><td width=\"175\"><p>1.\u00a0\u00a0\u00a0\u00a0\u00a0 ul. Broniewskiego<\/p><p>2.\u00a0\u00a0\u00a0\u00a0\u00a0 ul. Chopina<\/p><p>3.\u00a0\u00a0\u00a0\u00a0\u00a0 ul. Luba\u0144ska<\/p><p>4.\u00a0\u00a0\u00a0\u00a0\u00a0 ul. Moniuszki<\/p><p>5.\u00a0\u00a0\u00a0\u00a0\u00a0 ul. Szymanowskiego<\/p><\/td><td width=\"175\"><p>1.\u00a0\u00a0\u00a0\u00a0\u00a0 ul. Brzozowa<\/p><p>2.\u00a0\u00a0\u00a0\u00a0\u00a0 ul. G\u00f3rna<\/p><p>3.\u00a0\u00a0\u00a0\u00a0\u00a0 ul. Kamieniarska<\/p><p>4.\u00a0\u00a0\u00a0\u00a0\u00a0 ul. Kili\u0144skiego<\/p><p>5.\u00a0\u00a0\u00a0\u00a0\u00a0 ul. Krasi\u0144skiego<\/p><p>6.\u00a0\u00a0\u00a0\u00a0\u00a0 ul. \u0141anowa<\/p><p>7.\u00a0\u00a0\u00a0\u00a0\u00a0 ul. Modrzewiowa<\/p><p>8.\u00a0\u00a0\u00a0\u00a0\u00a0 ul. Ogrodowa<\/p><p>9.\u00a0\u00a0\u00a0\u00a0\u00a0 ul. Pi\u0119kna<\/p><p>10.\u00a0\u00a0 ul. Przechodnia<\/p><p>11.\u00a0\u00a0 ul. Struga<\/p><p>12.\u00a0\u00a0 ul. W\u0105ska<\/p><p>13.\u00a0\u00a0 ul. \u017beromskiego<\/p><\/td><td width=\"175\"><p>1.\u00a0\u00a0\u00a0\u00a0\u00a0 ul. Iwaszkiewicza<\/p><p>2.\u00a0\u00a0\u00a0\u00a0\u00a0 ul. Norwida<\/p><p>3.\u00a0\u00a0\u00a0\u00a0\u00a0 ul. Nowomiejska<\/p><p>4.\u00a0\u00a0\u00a0\u00a0\u00a0 Plac Pocztowy<\/p><p>5.\u00a0\u00a0\u00a0\u00a0\u00a0 ul. Prusa<\/p><p>6.\u00a0\u00a0\u00a0\u00a0\u00a0 ul. Scultetusa<\/p><p>7.\u00a0\u00a0\u00a0\u00a0\u00a0 ul. Szymborskiej<\/p><p>8.\u00a0\u00a0\u00a0\u00a0\u00a0 ul. Wroc\u0142awska<\/p><p>9.\u00a0\u00a0\u00a0\u00a0\u00a0 ul. Wyspia\u0144skiego<\/p><\/td><\/tr><\/tbody><\/table><p><strong>HARMONOGRAM ODBIORU \u2013 REJONY I \u2013 V \u2013 ZGORZELEC UJAZD (od 21.07 do 25.07.2025)<br \/><\/strong><\/p><table><tbody><tr><td width=\"255\"><p>REJON I<\/p><\/td><td width=\"265\"><p>REJON II<\/p><\/td><td width=\"265\"><p>REJON III<\/p><\/td><td width=\"265\"><p>REJON IV<\/p><\/td><\/tr><tr><td width=\"255\"><p><strong>Termin zbi\u00f3rki 21.07.2025<\/strong><\/p><\/td><td width=\"265\"><p><strong>Termin zbi\u00f3rki 22.07.2025<\/strong><\/p><\/td><td width=\"265\"><p><strong>Termin zbi\u00f3rki 23.07.2025<\/strong><\/p><\/td><td width=\"265\"><p><strong>Termin zbi\u00f3rki 24.07.2025<\/strong><\/p><\/td><\/tr><tr><td width=\"255\"><p>Przyjmowanie zg\u0142osze\u0144 do dnia 18.07.2025<\/p><\/td><td width=\"265\"><p>Przyjmowanie zg\u0142osze\u0144 do dnia 21.07.2025<\/p><\/td><td width=\"265\"><p>Przyjmowanie zg\u0142osze\u0144 do dnia 22.07.2025<\/p><\/td><td width=\"265\"><p>Przyjmowanie zg\u0142osze\u0144 do dnia 23.07.2025<\/p><\/td><\/tr><tr><td width=\"255\"><p>1.\u00a0\u00a0\u00a0\u00a0\u00a0 ul. Chmielna<\/p><p>2.\u00a0\u00a0\u00a0\u00a0\u00a0 ul. Cmentarna<\/p><p>3.\u00a0\u00a0\u00a0\u00a0\u00a0 ul. Cynamonowa<\/p><p>4.\u00a0\u00a0\u00a0\u00a0\u00a0 ul. Le\u015bna<\/p><p>5.\u00a0\u00a0\u00a0\u00a0\u00a0 ul. Oliwkowa<\/p><p>6.\u00a0\u00a0\u00a0\u00a0\u00a0 ul. Reymonta<\/p><p>7.\u00a0\u00a0\u00a0\u00a0\u00a0 ul. Strumykowa<\/p><p>8.\u00a0\u00a0\u00a0\u00a0\u00a0 ul. Sulikowska<\/p><p>9.\u00a0\u00a0\u00a0\u00a0\u00a0 ul. U\u0142a\u0144ska<\/p><p>10.\u00a0\u00a0 ul. Widok<\/p><p>11.\u00a0\u00a0 ul. Wrzosowa<\/p><p>12.\u00a0\u00a0 ul. Zielna<\/p><p>13.\u00a0\u00a0 ul. \u017bytnia<\/p><\/td><td width=\"265\"><p>1.\u00a0\u00a0\u00a0\u00a0\u00a0 ul. Bora \u2013 Komorowskiego<\/p><p>2.\u00a0\u00a0\u00a0\u00a0\u00a0 ul. Bursztynowa<\/p><p>3.\u00a0\u00a0\u00a0\u00a0\u00a0 ul. Fio\u0142kowa<\/p><p>4.\u00a0\u00a0\u00a0\u00a0\u00a0 ul. Grota Roweckiego<\/p><p>5.\u00a0\u00a0\u00a0\u00a0\u00a0 ul. Gwia\u017adzista<\/p><p>6.\u00a0\u00a0\u00a0\u00a0\u00a0 ul. Ja\u015bminowa<\/p><p>7.\u00a0\u00a0\u00a0\u00a0\u00a0 ul. Jesienna<\/p><p>8.\u00a0\u00a0\u00a0\u00a0\u00a0 ul. Konwaliowa<\/p><p>9.\u00a0\u00a0\u00a0\u00a0\u00a0 ul. Letnia<\/p><p>10.\u00a0\u00a0 ul. Makowa<\/p><p>11.\u00a0\u00a0 ul. Okulickiego<\/p><p>12.\u00a0\u00a0 ul. Promienna<\/p><p>13.\u00a0\u00a0 ul. R\u00f3\u017cana<\/p><p>14.\u00a0\u00a0 ul. Sikorskiego<\/p><p>15.\u00a0\u00a0 ul. S\u0142oneczna<\/p><p>16.\u00a0\u00a0 ul. Spacerowa<\/p><p>17.\u00a0\u00a0 ul. Srebrzysta<\/p><p>18.\u00a0\u00a0 ul. \u015awietlista<\/p><p>19.\u00a0\u00a0 ul. T\u0119czowa<\/p><p>20.\u00a0\u00a0 ul. Tulipanowa<\/p><p>21.\u00a0\u00a0 ul. Wiosenna<\/p><p>22.\u00a0\u00a0 ul. Wysockiego<\/p><p>23.\u00a0\u00a0 ul. Zimowa<\/p><p>24.\u00a0\u00a0 ul. Z\u0142ocista<\/p><\/td><td width=\"265\"><p>1.\u00a0\u00a0\u00a0\u00a0\u00a0 ul. Andersa<\/p><p>2.\u00a0\u00a0\u00a0\u00a0\u00a0 ul. Boczna<\/p><p>3.\u00a0\u00a0\u00a0\u00a0\u00a0 ul. Czerwona<\/p><p>4.\u00a0\u00a0\u00a0\u00a0\u00a0 ul. G\u00f3rnicza<\/p><p>5.\u00a0\u00a0\u00a0\u00a0\u00a0 ul. G\u00f3rnowiejska<\/p><p>6.\u00a0\u00a0\u00a0\u00a0\u00a0 ul. \u0141u\u017cycka<\/p><p>7.\u00a0\u00a0\u00a0\u00a0\u00a0 ul. Morcinka<\/p><p>8.\u00a0\u00a0\u00a0\u00a0\u00a0 ul. Podwale<\/p><p>9.\u00a0\u00a0\u00a0\u00a0\u00a0 ul. Pogodna<\/p><p>10.\u00a0\u00a0 ul. Radosna<\/p><p>11.\u00a0\u00a0 ul. Rzeczki G\u00f3rne<\/p><p>12.\u00a0\u00a0 ul. Weso\u0142a<\/p><p>13.\u00a0\u00a0 ul. Zapiecek<\/p><\/td><td width=\"265\"><p>1.\u00a0\u00a0\u00a0\u00a0\u00a0 ul. Baczy\u0144skiego<\/p><p>2.\u00a0\u00a0\u00a0\u00a0\u00a0 ul. Francuska<\/p><p>3.\u00a0\u00a0\u00a0\u00a0\u00a0 ul. Grunwaldzka<\/p><p>4.\u00a0\u00a0\u00a0\u00a0\u00a0 ul. Konopnickiej<\/p><p>5.\u00a0\u00a0\u00a0\u00a0\u00a0 ul. Mickiewicza<\/p><p>6.\u00a0\u00a0\u00a0\u00a0\u00a0 ul. Orzeszkowej<\/p><p>7.\u00a0\u00a0\u00a0\u00a0\u00a0 ul. Rolna<\/p><p>8.\u00a0\u00a0\u00a0\u00a0\u00a0 ul. Rzeczki Dolne<\/p><p>9.\u00a0\u00a0\u00a0\u00a0\u00a0 ul. S\u0142owackiego<\/p><p>10.\u00a0\u00a0 ul. Szarych Szereg\u00f3w<\/p><p>11.\u00a0\u00a0 ul. \u015awi\u0119tego Jana<\/p><\/td><\/tr><\/tbody><\/table><table width=\"163\"><tbody><tr><td width=\"265\"><p>REJON V<\/p><\/td><\/tr><tr><td width=\"265\"><p><strong>Termin zbi\u00f3rki 25.07.2025<\/strong><\/p><\/td><\/tr><tr><td width=\"265\"><p>Przyjmowanie zg\u0142osze\u0144 do dnia 24.07.2025<\/p><\/td><\/tr><tr><td width=\"265\"><p>1.\u00a0\u00a0\u00a0\u00a0\u00a0 Aleja Ujazdowska<\/p><p>2.\u00a0\u00a0\u00a0\u00a0\u00a0 ul. Barbary<\/p><p>3.\u00a0\u00a0\u00a0\u00a0\u00a0 ul. Braci Gierymskich<\/p><p>4.\u00a0\u00a0\u00a0\u00a0\u00a0 ul. Brandta<\/p><p>5.\u00a0\u00a0\u00a0\u00a0\u00a0 ul. Che\u0142mo\u0144skiego<\/p><p>6.\u00a0\u00a0\u00a0\u00a0\u00a0 ul. Cicha<\/p><p>7.\u00a0\u00a0\u00a0\u00a0\u00a0 ul. Duszy Konrada<\/p><p>8.\u00a0\u00a0\u00a0\u00a0\u00a0 ul. Gwark\u00f3w<\/p><p>9.\u00a0\u00a0\u00a0\u00a0\u00a0 ul. Kochanowskiego<\/p><p>10.\u00a0\u00a0 ul. Koniczna<\/p><p>11.\u00a0\u00a0 ul. Kossaka<\/p><p>12.\u00a0\u00a0 ul. Kotsisa<\/p><p>13.\u00a0\u00a0 ul. \u0141agodna<\/p><p>14.\u00a0\u00a0 ul. Malczewskiego<\/p><p>15.\u00a0\u00a0 ul. Matejki<\/p><p>16.\u00a0\u00a0 ul. Ok\u00f3lna<\/p><p>17.\u00a0\u00a0 Plac D\u0119bowy<\/p><p>18.\u00a0\u00a0 Plac Kasztanowy<\/p><p>19.\u00a0\u00a0 Plac Klonowy<\/p><p>20.\u00a0\u00a0 Plac Ujazdowski<\/p><p>21.\u00a0\u00a0 ul. Polana Brzozowa<\/p><p>22.\u00a0\u00a0 ul. Sielska<\/p><p>23.\u00a0\u00a0 ul. Spokojna<\/p><p>24.\u00a0\u00a0 ul. Sztygarska<\/p><p>25.\u00a0\u00a0 Turowska<\/p><p>26.\u00a0\u00a0 Zacisze<\/p><\/td><\/tr><\/tbody><\/table>\t\t\t\t\t\t<\/div>\n\t\t\t\t<\/div>\n\t\t\t\t\t<\/div>\n\t\t<\/div>\n\t\t\t\t\t\t\t<\/div>\n\t\t<\/section>\n\t\t\t\t<section class=\"elementor-section elementor-top-section elementor-element elementor-element-631a1c5 elementor-section-boxed elementor-section-height-default elementor-section-height-default\" data-id=\"631a1c5\" data-element_type=\"section\">\n\t\t\t\t\t\t<div class=\"elementor-container elementor-column-gap-default\">\n\t\t\t\t\t<div class=\"elementor-column elementor-col-100 elementor-top-column elementor-element elementor-element-a455166\" data-id=\"a455166\" data-element_type=\"column\">\n\t\t\t<div class=\"elementor-widget-wrap elementor-element-populated\">\n\t\t\t\t\t\t\t\t<div class=\"elementor-element elementor-element-d5f41ed elementor-widget elementor-widget-image\" data-id=\"d5f41ed\" data-element_type=\"widget\" data-widget_type=\"image.default\">\n\t\t\t\t<div class=\"elementor-widget-container\">\n\t\t\t\t\t\t\t\t\t\t\t\t<figure class=\"wp-caption\">\n\t\t\t\t\t\t\t\t\t\t<img loading=\"lazy\" decoding=\"async\" width=\"750\" height=\"530\" src=\"https:\/\/mpgk.zgorzelec.pl\/wp-content\/uploads\/2025\/06\/Harmonogram-gabaryty-III-Akcja-2025-Miasto-Zgorzelec-1024x724.jpg\" class=\"attachment-large size-large wp-image-1941\" alt=\"\" srcset=\"https:\/\/mpgk.zgorzelec.pl\/wp-content\/uploads\/2025\/06\/Harmonogram-gabaryty-III-Akcja-2025-Miasto-Zgorzelec-1024x724.jpg 1024w, https:\/\/mpgk.zgorzelec.pl\/wp-content\/uploads\/2025\/06\/Harmonogram-gabaryty-III-Akcja-2025-Miasto-Zgorzelec-300x212.jpg 300w, https:\/\/mpgk.zgorzelec.pl\/wp-content\/uploads\/2025\/06\/Harmonogram-gabaryty-III-Akcja-2025-Miasto-Zgorzelec-768x543.jpg 768w, https:\/\/mpgk.zgorzelec.pl\/wp-content\/uploads\/2025\/06\/Harmonogram-gabaryty-III-Akcja-2025-Miasto-Zgorzelec-1536x1086.jpg 1536w, https:\/\/mpgk.zgorzelec.pl\/wp-content\/uploads\/2025\/06\/Harmonogram-gabaryty-III-Akcja-2025-Miasto-Zgorzelec-2048x1449.jpg 2048w\" sizes=\"auto, (max-width: 750px) 100vw, 750px\" \/>\t\t\t\t\t\t\t\t\t\t\t<figcaption class=\"widget-image-caption wp-caption-text\">Harmonogram gabaryty - III Akcja - Miasto Zgorzelec (bez Ujazdu)<\/figcaption>\n\t\t\t\t\t\t\t\t\t\t<\/figure>\n\t\t\t\t\t\t\t\t\t<\/div>\n\t\t\t\t<\/div>\n\t\t\t\t\t<\/div>\n\t\t<\/div>\n\t\t\t\t\t\t\t<\/div>\n\t\t<\/section>\n\t\t\t\t<section class=\"elementor-section elementor-top-section elementor-element elementor-element-b37c5cb elementor-section-boxed elementor-section-height-default elementor-section-height-default\" data-id=\"b37c5cb\" data-element_type=\"section\">\n\t\t\t\t\t\t<div class=\"elementor-container elementor-column-gap-default\">\n\t\t\t\t\t<div class=\"elementor-column elementor-col-100 elementor-top-column elementor-element elementor-element-22fe46f\" data-id=\"22fe46f\" data-element_type=\"column\">\n\t\t\t<div class=\"elementor-widget-wrap elementor-element-populated\">\n\t\t\t\t\t\t\t\t<div class=\"elementor-element elementor-element-5084789 elementor-widget elementor-widget-image\" data-id=\"5084789\" data-element_type=\"widget\" data-widget_type=\"image.default\">\n\t\t\t\t<div class=\"elementor-widget-container\">\n\t\t\t\t\t\t\t\t\t\t\t\t<figure class=\"wp-caption\">\n\t\t\t\t\t\t\t\t\t\t<img loading=\"lazy\" decoding=\"async\" width=\"750\" height=\"530\" src=\"https:\/\/mpgk.zgorzelec.pl\/wp-content\/uploads\/2025\/06\/Harmonogram-gabaryty-III-Akcja-2025-Zgorzele-Ujazd-1024x724.jpg\" class=\"attachment-large size-large wp-image-1940\" alt=\"\" srcset=\"https:\/\/mpgk.zgorzelec.pl\/wp-content\/uploads\/2025\/06\/Harmonogram-gabaryty-III-Akcja-2025-Zgorzele-Ujazd-1024x724.jpg 1024w, https:\/\/mpgk.zgorzelec.pl\/wp-content\/uploads\/2025\/06\/Harmonogram-gabaryty-III-Akcja-2025-Zgorzele-Ujazd-300x212.jpg 300w, https:\/\/mpgk.zgorzelec.pl\/wp-content\/uploads\/2025\/06\/Harmonogram-gabaryty-III-Akcja-2025-Zgorzele-Ujazd-768x543.jpg 768w, https:\/\/mpgk.zgorzelec.pl\/wp-content\/uploads\/2025\/06\/Harmonogram-gabaryty-III-Akcja-2025-Zgorzele-Ujazd-1536x1086.jpg 1536w, https:\/\/mpgk.zgorzelec.pl\/wp-content\/uploads\/2025\/06\/Harmonogram-gabaryty-III-Akcja-2025-Zgorzele-Ujazd-2048x1449.jpg 2048w\" sizes=\"auto, (max-width: 750px) 100vw, 750px\" \/>\t\t\t\t\t\t\t\t\t\t\t<figcaption class=\"widget-image-caption wp-caption-text\">Harmonogram gabaryty - III Akcja - Zgorzelec Ujazd<\/figcaption>\n\t\t\t\t\t\t\t\t\t\t<\/figure>\n\t\t\t\t\t\t\t\t\t<\/div>\n\t\t\t\t<\/div>\n\t\t\t\t\t<\/div>\n\t\t<\/div>\n\t\t\t\t\t\t\t<\/div>\n\t\t<\/section>\n\t\t\t\t\t\t\t<\/div>\n\t\t","protected":false},"excerpt":{"rendered":"<p>Miejskie Przedsi\u0119biorstwo Gospodarki Komunalnej Sp. z o. o. w Zgorzelcu informuje o rozpocz\u0119ciu od dnia 07.07.2025 r. III Akcji Zbierania Starych Mebli i Gabaryt\u00f3w. Od 7 lipca (poniedzia\u0142ek) akcja obejmie cz\u0119\u015b\u0107 miasta do wiaduktu przy ul. Warszawskiej (Miasto Zgorzelec) natomiast<\/p>\n","protected":false},"author":2,"featured_media":764,"comment_status":"closed","ping_status":"open","sticky":false,"template":"","format":"standard","meta":{"footnotes":""},"categories":[5],"tags":[],"class_list":["post-1937","post","type-post","status-publish","format-standard","has-post-thumbnail","hentry","category-aktualnosci"],"yoast_head":"<!-- This site is optimized with the Yoast SEO plugin v20.13 - https:\/\/yoast.com\/wordpress\/plugins\/seo\/ -->\n<title>III Akcja Zbierania Starych Mebli i Gabaryt\u00f3w w 2025 roku - Miejskie Przedsi\u0119biorstwo Gospodarki Komunalnej Sp. z o.o. w Zgorzelcu<\/title>\n<meta name=\"robots\" content=\"index, follow, max-snippet:-1, max-image-preview:large, max-video-preview:-1\" \/>\n<link rel=\"canonical\" href=\"https:\/\/mpgk.zgorzelec.pl\/index.php\/2025\/06\/27\/iii-akcja-zbierania-starych-mebli-i-gabarytow-w-2025-roku\/\" \/>\n<meta property=\"og:locale\" content=\"pl_PL\" \/>\n<meta property=\"og:type\" content=\"article\" \/>\n<meta property=\"og:title\" content=\"III Akcja Zbierania Starych Mebli i Gabaryt\u00f3w w 2025 roku - Miejskie Przedsi\u0119biorstwo Gospodarki Komunalnej Sp. z o.o. w Zgorzelcu\" \/>\n<meta property=\"og:description\" content=\"Miejskie Przedsi\u0119biorstwo Gospodarki Komunalnej Sp. z o. o. w Zgorzelcu informuje o rozpocz\u0119ciu od dnia 07.07.2025 r. III Akcji Zbierania Starych Mebli i Gabaryt\u00f3w. Od 7 lipca (poniedzia\u0142ek) akcja obejmie cz\u0119\u015b\u0107 miasta do wiaduktu przy ul. Warszawskiej (Miasto Zgorzelec) natomiast\" \/>\n<meta property=\"og:url\" content=\"https:\/\/mpgk.zgorzelec.pl\/index.php\/2025\/06\/27\/iii-akcja-zbierania-starych-mebli-i-gabarytow-w-2025-roku\/\" \/>\n<meta property=\"og:site_name\" content=\"Miejskie Przedsi\u0119biorstwo Gospodarki Komunalnej Sp. z o.o. w Zgorzelcu\" \/>\n<meta property=\"article:published_time\" content=\"2025-06-27T06:47:48+00:00\" \/>\n<meta property=\"article:modified_time\" content=\"2025-06-30T10:42:19+00:00\" \/>\n<meta property=\"og:image\" content=\"https:\/\/mpgk.zgorzelec.pl\/wp-content\/uploads\/2023\/03\/MPGK-wywoz-gabarytow.jpg\" \/>\n\t<meta property=\"og:image:width\" content=\"1536\" \/>\n\t<meta property=\"og:image:height\" content=\"1024\" \/>\n\t<meta property=\"og:image:type\" content=\"image\/jpeg\" \/>\n<meta name=\"author\" content=\"admin_mpgk\" \/>\n<meta name=\"twitter:card\" content=\"summary_large_image\" \/>\n<meta name=\"twitter:label1\" content=\"Napisane przez\" \/>\n\t<meta name=\"twitter:data1\" content=\"admin_mpgk\" \/>\n\t<meta name=\"twitter:label2\" content=\"Szacowany czas czytania\" \/>\n\t<meta name=\"twitter:data2\" content=\"8 minut\" \/>\n<script type=\"application\/ld+json\" class=\"yoast-schema-graph\">{\"@context\":\"https:\/\/schema.org\",\"@graph\":[{\"@type\":\"Article\",\"@id\":\"https:\/\/mpgk.zgorzelec.pl\/index.php\/2025\/06\/27\/iii-akcja-zbierania-starych-mebli-i-gabarytow-w-2025-roku\/#article\",\"isPartOf\":{\"@id\":\"https:\/\/mpgk.zgorzelec.pl\/index.php\/2025\/06\/27\/iii-akcja-zbierania-starych-mebli-i-gabarytow-w-2025-roku\/\"},\"author\":{\"name\":\"admin_mpgk\",\"@id\":\"https:\/\/mpgk.zgorzelec.pl\/#\/schema\/person\/8801f8f33065afab42178262821010bc\"},\"headline\":\"III Akcja Zbierania Starych Mebli i Gabaryt\u00f3w w 2025 roku\",\"datePublished\":\"2025-06-27T06:47:48+00:00\",\"dateModified\":\"2025-06-30T10:42:19+00:00\",\"mainEntityOfPage\":{\"@id\":\"https:\/\/mpgk.zgorzelec.pl\/index.php\/2025\/06\/27\/iii-akcja-zbierania-starych-mebli-i-gabarytow-w-2025-roku\/\"},\"wordCount\":1118,\"publisher\":{\"@id\":\"https:\/\/mpgk.zgorzelec.pl\/#organization\"},\"articleSection\":[\"Aktualno\u015bci\"],\"inLanguage\":\"pl-PL\"},{\"@type\":\"WebPage\",\"@id\":\"https:\/\/mpgk.zgorzelec.pl\/index.php\/2025\/06\/27\/iii-akcja-zbierania-starych-mebli-i-gabarytow-w-2025-roku\/\",\"url\":\"https:\/\/mpgk.zgorzelec.pl\/index.php\/2025\/06\/27\/iii-akcja-zbierania-starych-mebli-i-gabarytow-w-2025-roku\/\",\"name\":\"III Akcja Zbierania Starych Mebli i Gabaryt\u00f3w w 2025 roku - Miejskie Przedsi\u0119biorstwo Gospodarki Komunalnej Sp. z o.o. w Zgorzelcu\",\"isPartOf\":{\"@id\":\"https:\/\/mpgk.zgorzelec.pl\/#website\"},\"datePublished\":\"2025-06-27T06:47:48+00:00\",\"dateModified\":\"2025-06-30T10:42:19+00:00\",\"breadcrumb\":{\"@id\":\"https:\/\/mpgk.zgorzelec.pl\/index.php\/2025\/06\/27\/iii-akcja-zbierania-starych-mebli-i-gabarytow-w-2025-roku\/#breadcrumb\"},\"inLanguage\":\"pl-PL\",\"potentialAction\":[{\"@type\":\"ReadAction\",\"target\":[\"https:\/\/mpgk.zgorzelec.pl\/index.php\/2025\/06\/27\/iii-akcja-zbierania-starych-mebli-i-gabarytow-w-2025-roku\/\"]}]},{\"@type\":\"BreadcrumbList\",\"@id\":\"https:\/\/mpgk.zgorzelec.pl\/index.php\/2025\/06\/27\/iii-akcja-zbierania-starych-mebli-i-gabarytow-w-2025-roku\/#breadcrumb\",\"itemListElement\":[{\"@type\":\"ListItem\",\"position\":1,\"name\":\"Home\",\"item\":\"https:\/\/mpgk.zgorzelec.pl\/\"},{\"@type\":\"ListItem\",\"position\":2,\"name\":\"III Akcja Zbierania Starych Mebli i Gabaryt\u00f3w w 2025 roku\"}]},{\"@type\":\"WebSite\",\"@id\":\"https:\/\/mpgk.zgorzelec.pl\/#website\",\"url\":\"https:\/\/mpgk.zgorzelec.pl\/\",\"name\":\"Miejskie Przedsi\u0119biorstwo Gospodarki Komunalnej Sp. z o.o. w Zgorzelcu\",\"description\":\"MPGK Zgorzelec\",\"publisher\":{\"@id\":\"https:\/\/mpgk.zgorzelec.pl\/#organization\"},\"potentialAction\":[{\"@type\":\"SearchAction\",\"target\":{\"@type\":\"EntryPoint\",\"urlTemplate\":\"https:\/\/mpgk.zgorzelec.pl\/?s={search_term_string}\"},\"query-input\":\"required name=search_term_string\"}],\"inLanguage\":\"pl-PL\"},{\"@type\":\"Organization\",\"@id\":\"https:\/\/mpgk.zgorzelec.pl\/#organization\",\"name\":\"Miejskie Przedsi\u0119biorstwo Gospodarki Komunalnej Sp. z o.o. w Zgorzelcu\",\"url\":\"https:\/\/mpgk.zgorzelec.pl\/\",\"logo\":{\"@type\":\"ImageObject\",\"inLanguage\":\"pl-PL\",\"@id\":\"https:\/\/mpgk.zgorzelec.pl\/#\/schema\/logo\/image\/\",\"url\":\"https:\/\/mpgk.zgorzelec.pl\/wp-content\/uploads\/2022\/05\/cropped-Logo-e1653213732347.png\",\"contentUrl\":\"https:\/\/mpgk.zgorzelec.pl\/wp-content\/uploads\/2022\/05\/cropped-Logo-e1653213732347.png\",\"width\":100,\"height\":63,\"caption\":\"Miejskie Przedsi\u0119biorstwo Gospodarki Komunalnej Sp. z o.o. w Zgorzelcu\"},\"image\":{\"@id\":\"https:\/\/mpgk.zgorzelec.pl\/#\/schema\/logo\/image\/\"}},{\"@type\":\"Person\",\"@id\":\"https:\/\/mpgk.zgorzelec.pl\/#\/schema\/person\/8801f8f33065afab42178262821010bc\",\"name\":\"admin_mpgk\",\"image\":{\"@type\":\"ImageObject\",\"inLanguage\":\"pl-PL\",\"@id\":\"https:\/\/mpgk.zgorzelec.pl\/#\/schema\/person\/image\/\",\"url\":\"https:\/\/secure.gravatar.com\/avatar\/91668d69b43d2546084ed9ead65dd136?s=96&d=mm&r=g\",\"contentUrl\":\"https:\/\/secure.gravatar.com\/avatar\/91668d69b43d2546084ed9ead65dd136?s=96&d=mm&r=g\",\"caption\":\"admin_mpgk\"},\"sameAs\":[\"http:\/\/mpgk1.home.pl\/autoinstalator\/wordpressplugins2\"],\"url\":\"https:\/\/mpgk.zgorzelec.pl\/index.php\/author\/admin-2\/\"}]}<\/script>\n<!-- \/ Yoast SEO plugin. -->","yoast_head_json":{"title":"III Akcja Zbierania Starych Mebli i Gabaryt\u00f3w w 2025 roku - Miejskie Przedsi\u0119biorstwo Gospodarki Komunalnej Sp. z o.o. w Zgorzelcu","robots":{"index":"index","follow":"follow","max-snippet":"max-snippet:-1","max-image-preview":"max-image-preview:large","max-video-preview":"max-video-preview:-1"},"canonical":"https:\/\/mpgk.zgorzelec.pl\/index.php\/2025\/06\/27\/iii-akcja-zbierania-starych-mebli-i-gabarytow-w-2025-roku\/","og_locale":"pl_PL","og_type":"article","og_title":"III Akcja Zbierania Starych Mebli i Gabaryt\u00f3w w 2025 roku - Miejskie Przedsi\u0119biorstwo Gospodarki Komunalnej Sp. z o.o. w Zgorzelcu","og_description":"Miejskie Przedsi\u0119biorstwo Gospodarki Komunalnej Sp. z o. o. w Zgorzelcu informuje o rozpocz\u0119ciu od dnia 07.07.2025 r. III Akcji Zbierania Starych Mebli i Gabaryt\u00f3w. Od 7 lipca (poniedzia\u0142ek) akcja obejmie cz\u0119\u015b\u0107 miasta do wiaduktu przy ul. Warszawskiej (Miasto Zgorzelec) natomiast","og_url":"https:\/\/mpgk.zgorzelec.pl\/index.php\/2025\/06\/27\/iii-akcja-zbierania-starych-mebli-i-gabarytow-w-2025-roku\/","og_site_name":"Miejskie Przedsi\u0119biorstwo Gospodarki Komunalnej Sp. z o.o. w Zgorzelcu","article_published_time":"2025-06-27T06:47:48+00:00","article_modified_time":"2025-06-30T10:42:19+00:00","og_image":[{"width":1536,"height":1024,"url":"https:\/\/mpgk.zgorzelec.pl\/wp-content\/uploads\/2023\/03\/MPGK-wywoz-gabarytow.jpg","type":"image\/jpeg"}],"author":"admin_mpgk","twitter_card":"summary_large_image","twitter_misc":{"Napisane przez":"admin_mpgk","Szacowany czas czytania":"8 minut"},"schema":{"@context":"https:\/\/schema.org","@graph":[{"@type":"Article","@id":"https:\/\/mpgk.zgorzelec.pl\/index.php\/2025\/06\/27\/iii-akcja-zbierania-starych-mebli-i-gabarytow-w-2025-roku\/#article","isPartOf":{"@id":"https:\/\/mpgk.zgorzelec.pl\/index.php\/2025\/06\/27\/iii-akcja-zbierania-starych-mebli-i-gabarytow-w-2025-roku\/"},"author":{"name":"admin_mpgk","@id":"https:\/\/mpgk.zgorzelec.pl\/#\/schema\/person\/8801f8f33065afab42178262821010bc"},"headline":"III Akcja Zbierania Starych Mebli i Gabaryt\u00f3w w 2025 roku","datePublished":"2025-06-27T06:47:48+00:00","dateModified":"2025-06-30T10:42:19+00:00","mainEntityOfPage":{"@id":"https:\/\/mpgk.zgorzelec.pl\/index.php\/2025\/06\/27\/iii-akcja-zbierania-starych-mebli-i-gabarytow-w-2025-roku\/"},"wordCount":1118,"publisher":{"@id":"https:\/\/mpgk.zgorzelec.pl\/#organization"},"articleSection":["Aktualno\u015bci"],"inLanguage":"pl-PL"},{"@type":"WebPage","@id":"https:\/\/mpgk.zgorzelec.pl\/index.php\/2025\/06\/27\/iii-akcja-zbierania-starych-mebli-i-gabarytow-w-2025-roku\/","url":"https:\/\/mpgk.zgorzelec.pl\/index.php\/2025\/06\/27\/iii-akcja-zbierania-starych-mebli-i-gabarytow-w-2025-roku\/","name":"III Akcja Zbierania Starych Mebli i Gabaryt\u00f3w w 2025 roku - Miejskie Przedsi\u0119biorstwo Gospodarki Komunalnej Sp. z o.o. w Zgorzelcu","isPartOf":{"@id":"https:\/\/mpgk.zgorzelec.pl\/#website"},"datePublished":"2025-06-27T06:47:48+00:00","dateModified":"2025-06-30T10:42:19+00:00","breadcrumb":{"@id":"https:\/\/mpgk.zgorzelec.pl\/index.php\/2025\/06\/27\/iii-akcja-zbierania-starych-mebli-i-gabarytow-w-2025-roku\/#breadcrumb"},"inLanguage":"pl-PL","potentialAction":[{"@type":"ReadAction","target":["https:\/\/mpgk.zgorzelec.pl\/index.php\/2025\/06\/27\/iii-akcja-zbierania-starych-mebli-i-gabarytow-w-2025-roku\/"]}]},{"@type":"BreadcrumbList","@id":"https:\/\/mpgk.zgorzelec.pl\/index.php\/2025\/06\/27\/iii-akcja-zbierania-starych-mebli-i-gabarytow-w-2025-roku\/#breadcrumb","itemListElement":[{"@type":"ListItem","position":1,"name":"Home","item":"https:\/\/mpgk.zgorzelec.pl\/"},{"@type":"ListItem","position":2,"name":"III Akcja Zbierania Starych Mebli i Gabaryt\u00f3w w 2025 roku"}]},{"@type":"WebSite","@id":"https:\/\/mpgk.zgorzelec.pl\/#website","url":"https:\/\/mpgk.zgorzelec.pl\/","name":"Miejskie Przedsi\u0119biorstwo Gospodarki Komunalnej Sp. z o.o. w Zgorzelcu","description":"MPGK Zgorzelec","publisher":{"@id":"https:\/\/mpgk.zgorzelec.pl\/#organization"},"potentialAction":[{"@type":"SearchAction","target":{"@type":"EntryPoint","urlTemplate":"https:\/\/mpgk.zgorzelec.pl\/?s={search_term_string}"},"query-input":"required name=search_term_string"}],"inLanguage":"pl-PL"},{"@type":"Organization","@id":"https:\/\/mpgk.zgorzelec.pl\/#organization","name":"Miejskie Przedsi\u0119biorstwo Gospodarki Komunalnej Sp. z o.o. w Zgorzelcu","url":"https:\/\/mpgk.zgorzelec.pl\/","logo":{"@type":"ImageObject","inLanguage":"pl-PL","@id":"https:\/\/mpgk.zgorzelec.pl\/#\/schema\/logo\/image\/","url":"https:\/\/mpgk.zgorzelec.pl\/wp-content\/uploads\/2022\/05\/cropped-Logo-e1653213732347.png","contentUrl":"https:\/\/mpgk.zgorzelec.pl\/wp-content\/uploads\/2022\/05\/cropped-Logo-e1653213732347.png","width":100,"height":63,"caption":"Miejskie Przedsi\u0119biorstwo Gospodarki Komunalnej Sp. z o.o. w Zgorzelcu"},"image":{"@id":"https:\/\/mpgk.zgorzelec.pl\/#\/schema\/logo\/image\/"}},{"@type":"Person","@id":"https:\/\/mpgk.zgorzelec.pl\/#\/schema\/person\/8801f8f33065afab42178262821010bc","name":"admin_mpgk","image":{"@type":"ImageObject","inLanguage":"pl-PL","@id":"https:\/\/mpgk.zgorzelec.pl\/#\/schema\/person\/image\/","url":"https:\/\/secure.gravatar.com\/avatar\/91668d69b43d2546084ed9ead65dd136?s=96&d=mm&r=g","contentUrl":"https:\/\/secure.gravatar.com\/avatar\/91668d69b43d2546084ed9ead65dd136?s=96&d=mm&r=g","caption":"admin_mpgk"},"sameAs":["http:\/\/mpgk1.home.pl\/autoinstalator\/wordpressplugins2"],"url":"https:\/\/mpgk.zgorzelec.pl\/index.php\/author\/admin-2\/"}]}},"_links":{"self":[{"href":"https:\/\/mpgk.zgorzelec.pl\/index.php\/wp-json\/wp\/v2\/posts\/1937","targetHints":{"allow":["GET"]}}],"collection":[{"href":"https:\/\/mpgk.zgorzelec.pl\/index.php\/wp-json\/wp\/v2\/posts"}],"about":[{"href":"https:\/\/mpgk.zgorzelec.pl\/index.php\/wp-json\/wp\/v2\/types\/post"}],"author":[{"embeddable":true,"href":"https:\/\/mpgk.zgorzelec.pl\/index.php\/wp-json\/wp\/v2\/users\/2"}],"replies":[{"embeddable":true,"href":"https:\/\/mpgk.zgorzelec.pl\/index.php\/wp-json\/wp\/v2\/comments?post=1937"}],"version-history":[{"count":14,"href":"https:\/\/mpgk.zgorzelec.pl\/index.php\/wp-json\/wp\/v2\/posts\/1937\/revisions"}],"predecessor-version":[{"id":2042,"href":"https:\/\/mpgk.zgorzelec.pl\/index.php\/wp-json\/wp\/v2\/posts\/1937\/revisions\/2042"}],"wp:featuredmedia":[{"embeddable":true,"href":"https:\/\/mpgk.zgorzelec.pl\/index.php\/wp-json\/wp\/v2\/media\/764"}],"wp:attachment":[{"href":"https:\/\/mpgk.zgorzelec.pl\/index.php\/wp-json\/wp\/v2\/media?parent=1937"}],"wp:term":[{"taxonomy":"category","embeddable":true,"href":"https:\/\/mpgk.zgorzelec.pl\/index.php\/wp-json\/wp\/v2\/categories?post=1937"},{"taxonomy":"post_tag","embeddable":true,"href":"https:\/\/mpgk.zgorzelec.pl\/index.php\/wp-json\/wp\/v2\/tags?post=1937"}],"curies":[{"name":"wp","href":"https:\/\/api.w.org\/{rel}","templated":true}]}}