{"id":1862,"date":"2025-04-09T17:37:26","date_gmt":"2025-04-09T15:37:26","guid":{"rendered":"https:\/\/mpgk.zgorzelec.pl\/?p=1862"},"modified":"2025-04-21T18:04:06","modified_gmt":"2025-04-21T16:04:06","slug":"od-22-kwietnia-bezplatne-15-minut-parkowania","status":"publish","type":"post","link":"https:\/\/mpgk.zgorzelec.pl\/index.php\/2025\/04\/09\/od-22-kwietnia-bezplatne-15-minut-parkowania\/","title":{"rendered":"Od 22 kwietnia 15 minut bezp\u0142atnego parkowania"},"content":{"rendered":"\t\t<div data-elementor-type=\"wp-post\" data-elementor-id=\"1862\" class=\"elementor elementor-1862\">\n\t\t\t\t\t\t\t\t\t<section class=\"elementor-section elementor-top-section elementor-element elementor-element-abd897d elementor-section-boxed elementor-section-height-default elementor-section-height-default\" data-id=\"abd897d\" data-element_type=\"section\">\n\t\t\t\t\t\t<div class=\"elementor-container elementor-column-gap-default\">\n\t\t\t\t\t<div class=\"elementor-column elementor-col-100 elementor-top-column elementor-element elementor-element-377bd8a\" data-id=\"377bd8a\" data-element_type=\"column\">\n\t\t\t<div class=\"elementor-widget-wrap elementor-element-populated\">\n\t\t\t\t\t\t\t\t<div class=\"elementor-element elementor-element-ebbf625 elementor-widget elementor-widget-image\" data-id=\"ebbf625\" data-element_type=\"widget\" data-widget_type=\"image.default\">\n\t\t\t\t<div class=\"elementor-widget-container\">\n\t\t\t<style>\/*! elementor - v3.15.0 - 09-08-2023 *\/\n.elementor-widget-image{text-align:center}.elementor-widget-image a{display:inline-block}.elementor-widget-image a img[src$=\".svg\"]{width:48px}.elementor-widget-image img{vertical-align:middle;display:inline-block}<\/style>\t\t\t\t\t\t\t\t\t\t\t\t<img loading=\"lazy\" decoding=\"async\" width=\"750\" height=\"455\" src=\"https:\/\/mpgk.zgorzelec.pl\/wp-content\/uploads\/2025\/04\/spp_bezplatne_15-kopia-1024x621.jpg\" class=\"attachment-large size-large wp-image-1864\" alt=\"\" srcset=\"https:\/\/mpgk.zgorzelec.pl\/wp-content\/uploads\/2025\/04\/spp_bezplatne_15-kopia-1024x621.jpg 1024w, https:\/\/mpgk.zgorzelec.pl\/wp-content\/uploads\/2025\/04\/spp_bezplatne_15-kopia-300x182.jpg 300w, https:\/\/mpgk.zgorzelec.pl\/wp-content\/uploads\/2025\/04\/spp_bezplatne_15-kopia-768x465.jpg 768w, https:\/\/mpgk.zgorzelec.pl\/wp-content\/uploads\/2025\/04\/spp_bezplatne_15-kopia-1536x931.jpg 1536w, https:\/\/mpgk.zgorzelec.pl\/wp-content\/uploads\/2025\/04\/spp_bezplatne_15-kopia-2048x1241.jpg 2048w\" sizes=\"auto, (max-width: 750px) 100vw, 750px\" \/>\t\t\t\t\t\t\t\t\t\t\t\t\t\t\t<\/div>\n\t\t\t\t<\/div>\n\t\t\t\t<div class=\"elementor-element elementor-element-32e669c elementor-widget elementor-widget-text-editor\" data-id=\"32e669c\" data-element_type=\"widget\" data-widget_type=\"text-editor.default\">\n\t\t\t\t<div class=\"elementor-widget-container\">\n\t\t\t<style>\/*! elementor - v3.15.0 - 09-08-2023 *\/\n.elementor-widget-text-editor.elementor-drop-cap-view-stacked .elementor-drop-cap{background-color:#69727d;color:#fff}.elementor-widget-text-editor.elementor-drop-cap-view-framed .elementor-drop-cap{color:#69727d;border:3px solid;background-color:transparent}.elementor-widget-text-editor:not(.elementor-drop-cap-view-default) .elementor-drop-cap{margin-top:8px}.elementor-widget-text-editor:not(.elementor-drop-cap-view-default) .elementor-drop-cap-letter{width:1em;height:1em}.elementor-widget-text-editor .elementor-drop-cap{float:left;text-align:center;line-height:1;font-size:50px}.elementor-widget-text-editor .elementor-drop-cap-letter{display:inline-block}<\/style>\t\t\t\t<p><strong>Zgodnie z uchwa\u0142\u0105 Rady Miasta Zgorzelec od wtorku, 22 kwietnia obowi\u0105zuj\u0105 nowe stawki op\u0142at za parkowanie w Strefie P\u0142atnego Parkowania.<\/strong><\/p><p>Nowo\u015bci\u0105 jest <strong>15 minut bezp\u0142atnego parkowania.<\/strong> Z uprawnienia mo\u017cna skorzysta\u0107 jeden raz dziennie na jeden pojazd w ca\u0142ej strefie p\u0142atnego parkowania.<\/p><p><strong>INSTRUKCJA POBRANIA DARMOWEGO BILETU:<\/strong><br \/>1. Przyci\u015bnij przycisk \u201e T \u201d (Taryfa)<br \/>2. Naci\u015bnij Akceptuj<br \/>3. Wpisz prawid\u0142owy numer rejestracyjny pojazdu<br \/>4. Naci\u015bnij Akceptuj<br \/>5. Pobierz bilet i umie\u015b\u0107 go na podszybiu pojazdu w widocznym dla kontrolera miejscu.<\/p><p>Instrukcje dost\u0119pne s\u0105 na parkometrach.<\/p><p><strong>UWAGA:<\/strong> Warunkiem uznania darmowego 15 minutowego biletu parkingowego jest wpisanie w parkometrze poprawnego numeru rejestracyjnego pojazdu. Z uprawnienia mo\u017cna skorzysta\u0107 jeden raz dziennie na jeden pojazd w ca\u0142ej strefie p\u0142atnego parkowania.<\/p><p><strong>OBOWI\u0104ZUJ\u0104CA WYSOKO\u015a\u0106 OP\u0141AT ZA CZAS PARKOWANIA POJAZD\u00d3W SAMOCHODOWYCH:<\/strong><br \/><span style=\"color: #ff0000;\"><strong>0 z\u0142 &#8211; 15 minut jednorazowo w ci\u0105gu doby na nr rejestracyjny<\/strong><\/span><br \/><strong>2,00 z\u0142<\/strong> &#8211; do 30 min<br \/><strong>4,50 z\u0142<\/strong> &#8211; pierwsza godzina<br \/><strong>9,50 z\u0142<\/strong> &#8211; druga godzina (2h)<br \/><strong>15,50 z\u0142<\/strong> &#8211; trzecia godzina (3h) <br \/><strong>+4,50 z\u0142<\/strong> &#8211; czwarta i ka\u017cda kolejna godzina<br \/><strong>25,00 z\u0142<\/strong> &#8211; dzienna op\u0142ata za parkowanie w czasie funkcjonowania strefy p\u0142atnego parkowania (9h)<\/p><p>Pe\u0142ny cennik op\u0142at dost\u0119pny jest na stronie MPGK w Zgorzelcu w zak\u0142adce<a href=\"https:\/\/mpgk.zgorzelec.pl\/index.php\/strefa-platnego-parkowania\/\"><strong> Strefa P\u0142atnego Parkowania<\/strong> (kliknij)<\/a>.<\/p>\t\t\t\t\t\t<\/div>\n\t\t\t\t<\/div>\n\t\t\t\t\t<\/div>\n\t\t<\/div>\n\t\t\t\t\t\t\t<\/div>\n\t\t<\/section>\n\t\t\t\t<section class=\"elementor-section elementor-top-section elementor-element elementor-element-b0203dc elementor-section-boxed elementor-section-height-default elementor-section-height-default\" data-id=\"b0203dc\" data-element_type=\"section\">\n\t\t\t\t\t\t<div class=\"elementor-container elementor-column-gap-default\">\n\t\t\t\t\t<div class=\"elementor-column elementor-col-100 elementor-top-column elementor-element elementor-element-9b78194\" data-id=\"9b78194\" data-element_type=\"column\">\n\t\t\t<div class=\"elementor-widget-wrap elementor-element-populated\">\n\t\t\t\t\t\t\t\t<div class=\"elementor-element elementor-element-cd4eb19 elementor-widget elementor-widget-image\" data-id=\"cd4eb19\" data-element_type=\"widget\" data-widget_type=\"image.default\">\n\t\t\t\t<div class=\"elementor-widget-container\">\n\t\t\t\t\t\t\t\t\t\t\t\t\t\t\t<img loading=\"lazy\" decoding=\"async\" width=\"750\" height=\"900\" src=\"https:\/\/mpgk.zgorzelec.pl\/wp-content\/uploads\/2025\/04\/15-minut-SPP-853x1024.jpg\" class=\"attachment-large size-large wp-image-1858\" alt=\"\" srcset=\"https:\/\/mpgk.zgorzelec.pl\/wp-content\/uploads\/2025\/04\/15-minut-SPP-853x1024.jpg 853w, https:\/\/mpgk.zgorzelec.pl\/wp-content\/uploads\/2025\/04\/15-minut-SPP-250x300.jpg 250w, https:\/\/mpgk.zgorzelec.pl\/wp-content\/uploads\/2025\/04\/15-minut-SPP-768x921.jpg 768w, https:\/\/mpgk.zgorzelec.pl\/wp-content\/uploads\/2025\/04\/15-minut-SPP.jpg 1181w\" sizes=\"auto, (max-width: 750px) 100vw, 750px\" \/>\t\t\t\t\t\t\t\t\t\t\t\t\t\t\t<\/div>\n\t\t\t\t<\/div>\n\t\t\t\t\t<\/div>\n\t\t<\/div>\n\t\t\t\t\t\t\t<\/div>\n\t\t<\/section>\n\t\t\t\t<section class=\"elementor-section elementor-top-section elementor-element elementor-element-8daad79 elementor-section-boxed elementor-section-height-default elementor-section-height-default\" data-id=\"8daad79\" data-element_type=\"section\">\n\t\t\t\t\t\t<div class=\"elementor-container elementor-column-gap-default\">\n\t\t\t\t\t<div class=\"elementor-column elementor-col-100 elementor-top-column elementor-element elementor-element-7dab701\" data-id=\"7dab701\" data-element_type=\"column\">\n\t\t\t<div class=\"elementor-widget-wrap elementor-element-populated\">\n\t\t\t\t\t\t\t\t<div class=\"elementor-element elementor-element-33b715e elementor-widget elementor-widget-image\" data-id=\"33b715e\" data-element_type=\"widget\" data-widget_type=\"image.default\">\n\t\t\t\t<div class=\"elementor-widget-container\">\n\t\t\t\t\t\t\t\t\t\t\t\t\t\t\t<img loading=\"lazy\" decoding=\"async\" width=\"750\" height=\"299\" src=\"https:\/\/mpgk.zgorzelec.pl\/wp-content\/uploads\/2025\/04\/winieta_SPP-1024x408.jpg\" class=\"attachment-large size-large wp-image-1857\" alt=\"\" srcset=\"https:\/\/mpgk.zgorzelec.pl\/wp-content\/uploads\/2025\/04\/winieta_SPP-1024x408.jpg 1024w, https:\/\/mpgk.zgorzelec.pl\/wp-content\/uploads\/2025\/04\/winieta_SPP-300x120.jpg 300w, https:\/\/mpgk.zgorzelec.pl\/wp-content\/uploads\/2025\/04\/winieta_SPP-768x306.jpg 768w, https:\/\/mpgk.zgorzelec.pl\/wp-content\/uploads\/2025\/04\/winieta_SPP-1536x612.jpg 1536w, https:\/\/mpgk.zgorzelec.pl\/wp-content\/uploads\/2025\/04\/winieta_SPP-2048x817.jpg 2048w\" sizes=\"auto, (max-width: 750px) 100vw, 750px\" \/>\t\t\t\t\t\t\t\t\t\t\t\t\t\t\t<\/div>\n\t\t\t\t<\/div>\n\t\t\t\t\t<\/div>\n\t\t<\/div>\n\t\t\t\t\t\t\t<\/div>\n\t\t<\/section>\n\t\t\t\t\t\t\t<\/div>\n\t\t","protected":false},"excerpt":{"rendered":"<p>Zgodnie z uchwa\u0142\u0105 Rady Miasta Zgorzelec od wtorku, 22 kwietnia obowi\u0105zuj\u0105 nowe stawki op\u0142at za parkowanie w Strefie P\u0142atnego Parkowania. Nowo\u015bci\u0105 jest 15 minut bezp\u0142atnego parkowania. Z uprawnienia mo\u017cna skorzysta\u0107 jeden raz dziennie na jeden pojazd w ca\u0142ej strefie p\u0142atnego<\/p>\n","protected":false},"author":2,"featured_media":1864,"comment_status":"closed","ping_status":"open","sticky":false,"template":"","format":"standard","meta":{"footnotes":""},"categories":[5],"tags":[],"class_list":["post-1862","post","type-post","status-publish","format-standard","has-post-thumbnail","hentry","category-aktualnosci"],"yoast_head":"<!-- This site is optimized with the Yoast SEO plugin v20.13 - https:\/\/yoast.com\/wordpress\/plugins\/seo\/ -->\n<title>Od 22 kwietnia 15 minut bezp\u0142atnego parkowania - Miejskie Przedsi\u0119biorstwo Gospodarki Komunalnej Sp. z o.o. w Zgorzelcu<\/title>\n<meta name=\"robots\" content=\"index, follow, max-snippet:-1, max-image-preview:large, max-video-preview:-1\" \/>\n<link rel=\"canonical\" href=\"https:\/\/mpgk.zgorzelec.pl\/index.php\/2025\/04\/09\/od-22-kwietnia-bezplatne-15-minut-parkowania\/\" \/>\n<meta property=\"og:locale\" content=\"pl_PL\" \/>\n<meta property=\"og:type\" content=\"article\" \/>\n<meta property=\"og:title\" content=\"Od 22 kwietnia 15 minut bezp\u0142atnego parkowania - Miejskie Przedsi\u0119biorstwo Gospodarki Komunalnej Sp. z o.o. w Zgorzelcu\" \/>\n<meta property=\"og:description\" content=\"Zgodnie z uchwa\u0142\u0105 Rady Miasta Zgorzelec od wtorku, 22 kwietnia obowi\u0105zuj\u0105 nowe stawki op\u0142at za parkowanie w Strefie P\u0142atnego Parkowania. Nowo\u015bci\u0105 jest 15 minut bezp\u0142atnego parkowania. Z uprawnienia mo\u017cna skorzysta\u0107 jeden raz dziennie na jeden pojazd w ca\u0142ej strefie p\u0142atnego\" \/>\n<meta property=\"og:url\" content=\"https:\/\/mpgk.zgorzelec.pl\/index.php\/2025\/04\/09\/od-22-kwietnia-bezplatne-15-minut-parkowania\/\" \/>\n<meta property=\"og:site_name\" content=\"Miejskie Przedsi\u0119biorstwo Gospodarki Komunalnej Sp. z o.o. w Zgorzelcu\" \/>\n<meta property=\"article:published_time\" content=\"2025-04-09T15:37:26+00:00\" \/>\n<meta property=\"article:modified_time\" content=\"2025-04-21T16:04:06+00:00\" \/>\n<meta property=\"og:image\" content=\"https:\/\/mpgk.zgorzelec.pl\/wp-content\/uploads\/2025\/04\/spp_bezplatne_15-kopia-scaled.jpg\" \/>\n\t<meta property=\"og:image:width\" content=\"2560\" \/>\n\t<meta property=\"og:image:height\" content=\"1551\" \/>\n\t<meta property=\"og:image:type\" content=\"image\/jpeg\" \/>\n<meta name=\"author\" content=\"admin_mpgk\" \/>\n<meta name=\"twitter:card\" content=\"summary_large_image\" \/>\n<meta name=\"twitter:label1\" content=\"Napisane przez\" \/>\n\t<meta name=\"twitter:data1\" content=\"admin_mpgk\" \/>\n\t<meta name=\"twitter:label2\" content=\"Szacowany czas czytania\" \/>\n\t<meta name=\"twitter:data2\" content=\"2 minuty\" \/>\n<script type=\"application\/ld+json\" class=\"yoast-schema-graph\">{\"@context\":\"https:\/\/schema.org\",\"@graph\":[{\"@type\":\"Article\",\"@id\":\"https:\/\/mpgk.zgorzelec.pl\/index.php\/2025\/04\/09\/od-22-kwietnia-bezplatne-15-minut-parkowania\/#article\",\"isPartOf\":{\"@id\":\"https:\/\/mpgk.zgorzelec.pl\/index.php\/2025\/04\/09\/od-22-kwietnia-bezplatne-15-minut-parkowania\/\"},\"author\":{\"name\":\"admin_mpgk\",\"@id\":\"https:\/\/mpgk.zgorzelec.pl\/#\/schema\/person\/8801f8f33065afab42178262821010bc\"},\"headline\":\"Od 22 kwietnia 15 minut bezp\u0142atnego parkowania\",\"datePublished\":\"2025-04-09T15:37:26+00:00\",\"dateModified\":\"2025-04-21T16:04:06+00:00\",\"mainEntityOfPage\":{\"@id\":\"https:\/\/mpgk.zgorzelec.pl\/index.php\/2025\/04\/09\/od-22-kwietnia-bezplatne-15-minut-parkowania\/\"},\"wordCount\":211,\"publisher\":{\"@id\":\"https:\/\/mpgk.zgorzelec.pl\/#organization\"},\"articleSection\":[\"Aktualno\u015bci\"],\"inLanguage\":\"pl-PL\"},{\"@type\":\"WebPage\",\"@id\":\"https:\/\/mpgk.zgorzelec.pl\/index.php\/2025\/04\/09\/od-22-kwietnia-bezplatne-15-minut-parkowania\/\",\"url\":\"https:\/\/mpgk.zgorzelec.pl\/index.php\/2025\/04\/09\/od-22-kwietnia-bezplatne-15-minut-parkowania\/\",\"name\":\"Od 22 kwietnia 15 minut bezp\u0142atnego parkowania - Miejskie Przedsi\u0119biorstwo Gospodarki Komunalnej Sp. z o.o. w Zgorzelcu\",\"isPartOf\":{\"@id\":\"https:\/\/mpgk.zgorzelec.pl\/#website\"},\"datePublished\":\"2025-04-09T15:37:26+00:00\",\"dateModified\":\"2025-04-21T16:04:06+00:00\",\"breadcrumb\":{\"@id\":\"https:\/\/mpgk.zgorzelec.pl\/index.php\/2025\/04\/09\/od-22-kwietnia-bezplatne-15-minut-parkowania\/#breadcrumb\"},\"inLanguage\":\"pl-PL\",\"potentialAction\":[{\"@type\":\"ReadAction\",\"target\":[\"https:\/\/mpgk.zgorzelec.pl\/index.php\/2025\/04\/09\/od-22-kwietnia-bezplatne-15-minut-parkowania\/\"]}]},{\"@type\":\"BreadcrumbList\",\"@id\":\"https:\/\/mpgk.zgorzelec.pl\/index.php\/2025\/04\/09\/od-22-kwietnia-bezplatne-15-minut-parkowania\/#breadcrumb\",\"itemListElement\":[{\"@type\":\"ListItem\",\"position\":1,\"name\":\"Home\",\"item\":\"https:\/\/mpgk.zgorzelec.pl\/\"},{\"@type\":\"ListItem\",\"position\":2,\"name\":\"Od 22 kwietnia 15 minut bezp\u0142atnego parkowania\"}]},{\"@type\":\"WebSite\",\"@id\":\"https:\/\/mpgk.zgorzelec.pl\/#website\",\"url\":\"https:\/\/mpgk.zgorzelec.pl\/\",\"name\":\"Miejskie Przedsi\u0119biorstwo Gospodarki Komunalnej Sp. z o.o. w Zgorzelcu\",\"description\":\"MPGK Zgorzelec\",\"publisher\":{\"@id\":\"https:\/\/mpgk.zgorzelec.pl\/#organization\"},\"potentialAction\":[{\"@type\":\"SearchAction\",\"target\":{\"@type\":\"EntryPoint\",\"urlTemplate\":\"https:\/\/mpgk.zgorzelec.pl\/?s={search_term_string}\"},\"query-input\":\"required name=search_term_string\"}],\"inLanguage\":\"pl-PL\"},{\"@type\":\"Organization\",\"@id\":\"https:\/\/mpgk.zgorzelec.pl\/#organization\",\"name\":\"Miejskie Przedsi\u0119biorstwo Gospodarki Komunalnej Sp. z o.o. w Zgorzelcu\",\"url\":\"https:\/\/mpgk.zgorzelec.pl\/\",\"logo\":{\"@type\":\"ImageObject\",\"inLanguage\":\"pl-PL\",\"@id\":\"https:\/\/mpgk.zgorzelec.pl\/#\/schema\/logo\/image\/\",\"url\":\"https:\/\/mpgk.zgorzelec.pl\/wp-content\/uploads\/2022\/05\/cropped-Logo-e1653213732347.png\",\"contentUrl\":\"https:\/\/mpgk.zgorzelec.pl\/wp-content\/uploads\/2022\/05\/cropped-Logo-e1653213732347.png\",\"width\":100,\"height\":63,\"caption\":\"Miejskie Przedsi\u0119biorstwo Gospodarki Komunalnej Sp. z o.o. w Zgorzelcu\"},\"image\":{\"@id\":\"https:\/\/mpgk.zgorzelec.pl\/#\/schema\/logo\/image\/\"}},{\"@type\":\"Person\",\"@id\":\"https:\/\/mpgk.zgorzelec.pl\/#\/schema\/person\/8801f8f33065afab42178262821010bc\",\"name\":\"admin_mpgk\",\"image\":{\"@type\":\"ImageObject\",\"inLanguage\":\"pl-PL\",\"@id\":\"https:\/\/mpgk.zgorzelec.pl\/#\/schema\/person\/image\/\",\"url\":\"https:\/\/secure.gravatar.com\/avatar\/91668d69b43d2546084ed9ead65dd136?s=96&d=mm&r=g\",\"contentUrl\":\"https:\/\/secure.gravatar.com\/avatar\/91668d69b43d2546084ed9ead65dd136?s=96&d=mm&r=g\",\"caption\":\"admin_mpgk\"},\"sameAs\":[\"http:\/\/mpgk1.home.pl\/autoinstalator\/wordpressplugins2\"],\"url\":\"https:\/\/mpgk.zgorzelec.pl\/index.php\/author\/admin-2\/\"}]}<\/script>\n<!-- \/ Yoast SEO plugin. -->","yoast_head_json":{"title":"Od 22 kwietnia 15 minut bezp\u0142atnego parkowania - Miejskie Przedsi\u0119biorstwo Gospodarki Komunalnej Sp. z o.o. w Zgorzelcu","robots":{"index":"index","follow":"follow","max-snippet":"max-snippet:-1","max-image-preview":"max-image-preview:large","max-video-preview":"max-video-preview:-1"},"canonical":"https:\/\/mpgk.zgorzelec.pl\/index.php\/2025\/04\/09\/od-22-kwietnia-bezplatne-15-minut-parkowania\/","og_locale":"pl_PL","og_type":"article","og_title":"Od 22 kwietnia 15 minut bezp\u0142atnego parkowania - Miejskie Przedsi\u0119biorstwo Gospodarki Komunalnej Sp. z o.o. w Zgorzelcu","og_description":"Zgodnie z uchwa\u0142\u0105 Rady Miasta Zgorzelec od wtorku, 22 kwietnia obowi\u0105zuj\u0105 nowe stawki op\u0142at za parkowanie w Strefie P\u0142atnego Parkowania. Nowo\u015bci\u0105 jest 15 minut bezp\u0142atnego parkowania. Z uprawnienia mo\u017cna skorzysta\u0107 jeden raz dziennie na jeden pojazd w ca\u0142ej strefie p\u0142atnego","og_url":"https:\/\/mpgk.zgorzelec.pl\/index.php\/2025\/04\/09\/od-22-kwietnia-bezplatne-15-minut-parkowania\/","og_site_name":"Miejskie Przedsi\u0119biorstwo Gospodarki Komunalnej Sp. z o.o. w Zgorzelcu","article_published_time":"2025-04-09T15:37:26+00:00","article_modified_time":"2025-04-21T16:04:06+00:00","og_image":[{"width":2560,"height":1551,"url":"https:\/\/mpgk.zgorzelec.pl\/wp-content\/uploads\/2025\/04\/spp_bezplatne_15-kopia-scaled.jpg","type":"image\/jpeg"}],"author":"admin_mpgk","twitter_card":"summary_large_image","twitter_misc":{"Napisane przez":"admin_mpgk","Szacowany czas czytania":"2 minuty"},"schema":{"@context":"https:\/\/schema.org","@graph":[{"@type":"Article","@id":"https:\/\/mpgk.zgorzelec.pl\/index.php\/2025\/04\/09\/od-22-kwietnia-bezplatne-15-minut-parkowania\/#article","isPartOf":{"@id":"https:\/\/mpgk.zgorzelec.pl\/index.php\/2025\/04\/09\/od-22-kwietnia-bezplatne-15-minut-parkowania\/"},"author":{"name":"admin_mpgk","@id":"https:\/\/mpgk.zgorzelec.pl\/#\/schema\/person\/8801f8f33065afab42178262821010bc"},"headline":"Od 22 kwietnia 15 minut bezp\u0142atnego parkowania","datePublished":"2025-04-09T15:37:26+00:00","dateModified":"2025-04-21T16:04:06+00:00","mainEntityOfPage":{"@id":"https:\/\/mpgk.zgorzelec.pl\/index.php\/2025\/04\/09\/od-22-kwietnia-bezplatne-15-minut-parkowania\/"},"wordCount":211,"publisher":{"@id":"https:\/\/mpgk.zgorzelec.pl\/#organization"},"articleSection":["Aktualno\u015bci"],"inLanguage":"pl-PL"},{"@type":"WebPage","@id":"https:\/\/mpgk.zgorzelec.pl\/index.php\/2025\/04\/09\/od-22-kwietnia-bezplatne-15-minut-parkowania\/","url":"https:\/\/mpgk.zgorzelec.pl\/index.php\/2025\/04\/09\/od-22-kwietnia-bezplatne-15-minut-parkowania\/","name":"Od 22 kwietnia 15 minut bezp\u0142atnego parkowania - Miejskie Przedsi\u0119biorstwo Gospodarki Komunalnej Sp. z o.o. w Zgorzelcu","isPartOf":{"@id":"https:\/\/mpgk.zgorzelec.pl\/#website"},"datePublished":"2025-04-09T15:37:26+00:00","dateModified":"2025-04-21T16:04:06+00:00","breadcrumb":{"@id":"https:\/\/mpgk.zgorzelec.pl\/index.php\/2025\/04\/09\/od-22-kwietnia-bezplatne-15-minut-parkowania\/#breadcrumb"},"inLanguage":"pl-PL","potentialAction":[{"@type":"ReadAction","target":["https:\/\/mpgk.zgorzelec.pl\/index.php\/2025\/04\/09\/od-22-kwietnia-bezplatne-15-minut-parkowania\/"]}]},{"@type":"BreadcrumbList","@id":"https:\/\/mpgk.zgorzelec.pl\/index.php\/2025\/04\/09\/od-22-kwietnia-bezplatne-15-minut-parkowania\/#breadcrumb","itemListElement":[{"@type":"ListItem","position":1,"name":"Home","item":"https:\/\/mpgk.zgorzelec.pl\/"},{"@type":"ListItem","position":2,"name":"Od 22 kwietnia 15 minut bezp\u0142atnego parkowania"}]},{"@type":"WebSite","@id":"https:\/\/mpgk.zgorzelec.pl\/#website","url":"https:\/\/mpgk.zgorzelec.pl\/","name":"Miejskie Przedsi\u0119biorstwo Gospodarki Komunalnej Sp. z o.o. w Zgorzelcu","description":"MPGK Zgorzelec","publisher":{"@id":"https:\/\/mpgk.zgorzelec.pl\/#organization"},"potentialAction":[{"@type":"SearchAction","target":{"@type":"EntryPoint","urlTemplate":"https:\/\/mpgk.zgorzelec.pl\/?s={search_term_string}"},"query-input":"required name=search_term_string"}],"inLanguage":"pl-PL"},{"@type":"Organization","@id":"https:\/\/mpgk.zgorzelec.pl\/#organization","name":"Miejskie Przedsi\u0119biorstwo Gospodarki Komunalnej Sp. z o.o. w Zgorzelcu","url":"https:\/\/mpgk.zgorzelec.pl\/","logo":{"@type":"ImageObject","inLanguage":"pl-PL","@id":"https:\/\/mpgk.zgorzelec.pl\/#\/schema\/logo\/image\/","url":"https:\/\/mpgk.zgorzelec.pl\/wp-content\/uploads\/2022\/05\/cropped-Logo-e1653213732347.png","contentUrl":"https:\/\/mpgk.zgorzelec.pl\/wp-content\/uploads\/2022\/05\/cropped-Logo-e1653213732347.png","width":100,"height":63,"caption":"Miejskie Przedsi\u0119biorstwo Gospodarki Komunalnej Sp. z o.o. w Zgorzelcu"},"image":{"@id":"https:\/\/mpgk.zgorzelec.pl\/#\/schema\/logo\/image\/"}},{"@type":"Person","@id":"https:\/\/mpgk.zgorzelec.pl\/#\/schema\/person\/8801f8f33065afab42178262821010bc","name":"admin_mpgk","image":{"@type":"ImageObject","inLanguage":"pl-PL","@id":"https:\/\/mpgk.zgorzelec.pl\/#\/schema\/person\/image\/","url":"https:\/\/secure.gravatar.com\/avatar\/91668d69b43d2546084ed9ead65dd136?s=96&d=mm&r=g","contentUrl":"https:\/\/secure.gravatar.com\/avatar\/91668d69b43d2546084ed9ead65dd136?s=96&d=mm&r=g","caption":"admin_mpgk"},"sameAs":["http:\/\/mpgk1.home.pl\/autoinstalator\/wordpressplugins2"],"url":"https:\/\/mpgk.zgorzelec.pl\/index.php\/author\/admin-2\/"}]}},"_links":{"self":[{"href":"https:\/\/mpgk.zgorzelec.pl\/index.php\/wp-json\/wp\/v2\/posts\/1862","targetHints":{"allow":["GET"]}}],"collection":[{"href":"https:\/\/mpgk.zgorzelec.pl\/index.php\/wp-json\/wp\/v2\/posts"}],"about":[{"href":"https:\/\/mpgk.zgorzelec.pl\/index.php\/wp-json\/wp\/v2\/types\/post"}],"author":[{"embeddable":true,"href":"https:\/\/mpgk.zgorzelec.pl\/index.php\/wp-json\/wp\/v2\/users\/2"}],"replies":[{"embeddable":true,"href":"https:\/\/mpgk.zgorzelec.pl\/index.php\/wp-json\/wp\/v2\/comments?post=1862"}],"version-history":[{"count":21,"href":"https:\/\/mpgk.zgorzelec.pl\/index.php\/wp-json\/wp\/v2\/posts\/1862\/revisions"}],"predecessor-version":[{"id":1885,"href":"https:\/\/mpgk.zgorzelec.pl\/index.php\/wp-json\/wp\/v2\/posts\/1862\/revisions\/1885"}],"wp:featuredmedia":[{"embeddable":true,"href":"https:\/\/mpgk.zgorzelec.pl\/index.php\/wp-json\/wp\/v2\/media\/1864"}],"wp:attachment":[{"href":"https:\/\/mpgk.zgorzelec.pl\/index.php\/wp-json\/wp\/v2\/media?parent=1862"}],"wp:term":[{"taxonomy":"category","embeddable":true,"href":"https:\/\/mpgk.zgorzelec.pl\/index.php\/wp-json\/wp\/v2\/categories?post=1862"},{"taxonomy":"post_tag","embeddable":true,"href":"https:\/\/mpgk.zgorzelec.pl\/index.php\/wp-json\/wp\/v2\/tags?post=1862"}],"curies":[{"name":"wp","href":"https:\/\/api.w.org\/{rel}","templated":true}]}}